{"id":29591,"date":"2026-01-20T17:09:03","date_gmt":"2026-01-20T17:09:03","guid":{"rendered":"https:\/\/fruitssp.com\/?p=29591"},"modified":"2026-01-21T17:35:25","modified_gmt":"2026-01-21T17:35:25","slug":"salses-fruits-amb-la-pica-de-picamoixons","status":"publish","type":"post","link":"https:\/\/fruitssp.com\/es\/noticies\/salses-fruits-amb-la-pica-de-picamoixons\/","title":{"rendered":"Salsas Frutos con La Pica de Picamoixons"},"content":{"rendered":"<p><strong><img loading=\"lazy\" decoding=\"async\" class=\"alignnone size-full wp-image-29593\" src=\"https:\/\/fruitssp.com\/wp-content\/uploads\/2026\/01\/LaPica2026-JAR001.jpg\" alt=\"\" width=\"1080\" height=\"1350\" srcset=\"https:\/\/fruitssp.com\/wp-content\/uploads\/2026\/01\/LaPica2026-JAR001.jpg 1080w, https:\/\/fruitssp.com\/wp-content\/uploads\/2026\/01\/LaPica2026-JAR001-240x300.jpg 240w, https:\/\/fruitssp.com\/wp-content\/uploads\/2026\/01\/LaPica2026-JAR001-819x1024.jpg 819w, https:\/\/fruitssp.com\/wp-content\/uploads\/2026\/01\/LaPica2026-JAR001-10x12.jpg 10w, https:\/\/fruitssp.com\/wp-content\/uploads\/2026\/01\/LaPica2026-JAR001-600x750.jpg 600w, https:\/\/fruitssp.com\/wp-content\/uploads\/2026\/01\/LaPica2026-JAR001-768x960.jpg 768w, https:\/\/fruitssp.com\/wp-content\/uploads\/2026\/01\/LaPica2026-JAR001-100x125.jpg 100w, https:\/\/fruitssp.com\/wp-content\/uploads\/2026\/01\/LaPica2026-JAR001-300x375.jpg 300w, https:\/\/fruitssp.com\/wp-content\/uploads\/2026\/01\/LaPica2026-JAR001-900x1125.jpg 900w\" sizes=\"auto, (max-width: 1080px) 100vw, 1080px\" \/><\/strong><\/p>\n<p><strong>Salses Fruits<\/strong> ha colaborado en la organizaci\u00f3n de <strong>La Pica<\/strong> con el calor del Caldo caliente para todos los participantes.<\/p>\n<p>La 18\u00aa edici\u00f3n de <strong>La Pic<\/strong>a, <strong>la pedalada BTT invernal de Picamoixons (Alt Camp)<\/strong>, se celebr\u00f3 el domingo 18 de enero de 2026. Se trata de una pedalada BTT no competitiva, abierta a todo el mundo.<\/p>\n<p>Una ruta circular, con 2 circuitos, que transcurre por pistas y senderos de la <strong>sierra de Miramar<\/strong>, con inicio y final en el pueblo de <strong>Picamoixons<\/strong>.<\/p>\n<p>Pese al mal tiempo de los d\u00edas anteriores, la pedalada fue un \u00e9xito, gracias a la profesionalidad y al esfuerzo de toda la organizaci\u00f3n y de los ciclistas, que tuvieron cordura, paciencia y ganas de pasarlo bien.<\/p>\n<p>Agradecemos a la organizaci\u00f3n que, a pesar del mal tiempo de los d\u00edas anteriores, el trato profesional, el calor y la acogida, y todos los voluntarios, su ayuda a organizar esta pedalada.<\/p>\n<p>Por la salud, por el deporte y por el progreso de nuestros pueblos, \u00a1cuidad con nosotros! Gracias por todo.<\/p>\n<p><img loading=\"lazy\" decoding=\"async\" class=\"alignnone size-full wp-image-29595\" src=\"https:\/\/fruitssp.com\/wp-content\/uploads\/2026\/01\/LaPica2026-JAR006.jpg\" alt=\"\" width=\"1080\" height=\"1350\" srcset=\"https:\/\/fruitssp.com\/wp-content\/uploads\/2026\/01\/LaPica2026-JAR006.jpg 1080w, https:\/\/fruitssp.com\/wp-content\/uploads\/2026\/01\/LaPica2026-JAR006-240x300.jpg 240w, https:\/\/fruitssp.com\/wp-content\/uploads\/2026\/01\/LaPica2026-JAR006-819x1024.jpg 819w, https:\/\/fruitssp.com\/wp-content\/uploads\/2026\/01\/LaPica2026-JAR006-10x12.jpg 10w, https:\/\/fruitssp.com\/wp-content\/uploads\/2026\/01\/LaPica2026-JAR006-600x750.jpg 600w, https:\/\/fruitssp.com\/wp-content\/uploads\/2026\/01\/LaPica2026-JAR006-768x960.jpg 768w, https:\/\/fruitssp.com\/wp-content\/uploads\/2026\/01\/LaPica2026-JAR006-100x125.jpg 100w, https:\/\/fruitssp.com\/wp-content\/uploads\/2026\/01\/LaPica2026-JAR006-300x375.jpg 300w, https:\/\/fruitssp.com\/wp-content\/uploads\/2026\/01\/LaPica2026-JAR006-900x1125.jpg 900w\" sizes=\"auto, (max-width: 1080px) 100vw, 1080px\" \/><\/p>\n<p><img loading=\"lazy\" decoding=\"async\" class=\"alignnone size-full wp-image-29594\" src=\"https:\/\/fruitssp.com\/wp-content\/uploads\/2026\/01\/LaPica2026-JAR002.jpg\" alt=\"\" width=\"1080\" height=\"1350\" srcset=\"https:\/\/fruitssp.com\/wp-content\/uploads\/2026\/01\/LaPica2026-JAR002.jpg 1080w, https:\/\/fruitssp.com\/wp-content\/uploads\/2026\/01\/LaPica2026-JAR002-240x300.jpg 240w, https:\/\/fruitssp.com\/wp-content\/uploads\/2026\/01\/LaPica2026-JAR002-819x1024.jpg 819w, https:\/\/fruitssp.com\/wp-content\/uploads\/2026\/01\/LaPica2026-JAR002-10x12.jpg 10w, https:\/\/fruitssp.com\/wp-content\/uploads\/2026\/01\/LaPica2026-JAR002-600x750.jpg 600w, https:\/\/fruitssp.com\/wp-content\/uploads\/2026\/01\/LaPica2026-JAR002-768x960.jpg 768w, https:\/\/fruitssp.com\/wp-content\/uploads\/2026\/01\/LaPica2026-JAR002-100x125.jpg 100w, https:\/\/fruitssp.com\/wp-content\/uploads\/2026\/01\/LaPica2026-JAR002-300x375.jpg 300w, https:\/\/fruitssp.com\/wp-content\/uploads\/2026\/01\/LaPica2026-JAR002-900x1125.jpg 900w\" sizes=\"auto, (max-width: 1080px) 100vw, 1080px\" \/><img loading=\"lazy\" decoding=\"async\" class=\"alignnone size-full wp-image-29592\" src=\"https:\/\/fruitssp.com\/wp-content\/uploads\/2026\/01\/LaPica2026-JAR005.jpg\" alt=\"\" width=\"1400\" height=\"1050\" srcset=\"https:\/\/fruitssp.com\/wp-content\/uploads\/2026\/01\/LaPica2026-JAR005.jpg 1400w, https:\/\/fruitssp.com\/wp-content\/uploads\/2026\/01\/LaPica2026-JAR005-300x225.jpg 300w, https:\/\/fruitssp.com\/wp-content\/uploads\/2026\/01\/LaPica2026-JAR005-1024x768.jpg 1024w, https:\/\/fruitssp.com\/wp-content\/uploads\/2026\/01\/LaPica2026-JAR005-16x12.jpg 16w, https:\/\/fruitssp.com\/wp-content\/uploads\/2026\/01\/LaPica2026-JAR005-600x450.jpg 600w, https:\/\/fruitssp.com\/wp-content\/uploads\/2026\/01\/LaPica2026-JAR005-768x576.jpg 768w, https:\/\/fruitssp.com\/wp-content\/uploads\/2026\/01\/LaPica2026-JAR005-100x75.jpg 100w, https:\/\/fruitssp.com\/wp-content\/uploads\/2026\/01\/LaPica2026-JAR005-900x675.jpg 900w\" sizes=\"auto, (max-width: 1400px) 100vw, 1400px\" \/><\/p>","protected":false},"excerpt":{"rendered":"<p>Salses Fruits ha col\u00b7laborat en l&#8217;organitzaci\u00f3 de La Pica amb l&#8217;escalf del Brou calent per tots els participants. La 18a edici\u00f3 de La Pica, la pedalada BTT hivernal de Picamoixons (Alt Camp), es va celebrar el diumenge 18 de gener de 2026. Es tracta d&#8217;una pedalada BTT no competitiva, oberta a tothom. Una ruta circular,&#8230;<\/p>","protected":false},"author":1,"featured_media":29593,"comment_status":"closed","ping_status":"closed","sticky":false,"template":"","format":"standard","meta":{"inline_featured_image":false,"footnotes":""},"categories":[1],"tags":[298,300,475,474,329],"class_list":["post-29591","post","type-post","status-publish","format-standard","has-post-thumbnail","hentry","category-noticies","tag-btt","tag-esport","tag-la-pica","tag-picamoixons","tag-salut"],"yoast_head":"<!-- This site is optimized with the Yoast SEO plugin v26.7 - https:\/\/yoast.com\/wordpress\/plugins\/seo\/ -->\n<title>Salses Fruits amb La Pica de Picamoixons - Salses Fruits<\/title>\n<meta name=\"description\" content=\"Salses Fruits ha col\u00b7laborat en l&#039;organitzaci\u00f3 de La Pica amb l&#039;escalf del Brou calent per tots els participants.La 18a edici\u00f3 de La Pica, la pedalada BTT hivernal de Picamoixons (Alt Camp), es va celebrar el diumenge 18 de gener de 2026. Es tracta d&#039;una pedalada BTT no competitiva, oberta a tothom.\" \/>\n<meta name=\"robots\" content=\"index, follow, max-snippet:-1, max-image-preview:large, max-video-preview:-1\" \/>\n<link rel=\"canonical\" href=\"https:\/\/fruitssp.com\/es\/noticies\/salses-fruits-amb-la-pica-de-picamoixons\/\" \/>\n<meta property=\"og:locale\" content=\"es_ES\" \/>\n<meta property=\"og:type\" content=\"article\" \/>\n<meta property=\"og:title\" content=\"Salses Fruits amb La Pica de Picamoixons - Salses Fruits\" \/>\n<meta property=\"og:description\" content=\"Salses Fruits ha col\u00b7laborat en l&#039;organitzaci\u00f3 de La Pica amb l&#039;escalf del Brou calent per tots els participants.La 18a edici\u00f3 de La Pica, la pedalada BTT hivernal de Picamoixons (Alt Camp), es va celebrar el diumenge 18 de gener de 2026. Es tracta d&#039;una pedalada BTT no competitiva, oberta a tothom.\" \/>\n<meta property=\"og:url\" content=\"https:\/\/fruitssp.com\/es\/noticies\/salses-fruits-amb-la-pica-de-picamoixons\/\" \/>\n<meta property=\"og:site_name\" content=\"Salses Fruits\" \/>\n<meta property=\"article:publisher\" content=\"https:\/\/www.facebook.com\/Salses-Fruits-SP-1137777022906379\/\" \/>\n<meta property=\"article:published_time\" content=\"2026-01-20T17:09:03+00:00\" \/>\n<meta property=\"article:modified_time\" content=\"2026-01-21T17:35:25+00:00\" \/>\n<meta property=\"og:image\" content=\"https:\/\/fruitssp.com\/wp-content\/uploads\/2026\/01\/LaPica2026-JAR001.jpg\" \/>\n\t<meta property=\"og:image:width\" content=\"1080\" \/>\n\t<meta property=\"og:image:height\" content=\"1350\" \/>\n\t<meta property=\"og:image:type\" content=\"image\/jpeg\" \/>\n<meta name=\"author\" content=\"fruitssp\" \/>\n<meta name=\"twitter:card\" content=\"summary_large_image\" \/>\n<meta name=\"twitter:label1\" content=\"Escrito por\" \/>\n\t<meta name=\"twitter:data1\" content=\"fruitssp\" \/>\n\t<meta name=\"twitter:label2\" content=\"Tiempo de lectura\" \/>\n\t<meta name=\"twitter:data2\" content=\"2 minutos\" \/>\n<!-- \/ Yoast SEO plugin. -->","yoast_head_json":{"title":"Salses Fruits amb La Pica de Picamoixons - Salses Fruits","description":"Salses Fruits ha col\u00b7laborat en l'organitzaci\u00f3 de La Pica amb l'escalf del Brou calent per tots els participants.La 18a edici\u00f3 de La Pica, la pedalada BTT hivernal de Picamoixons (Alt Camp), es va celebrar el diumenge 18 de gener de 2026. Es tracta d'una pedalada BTT no competitiva, oberta a tothom.","robots":{"index":"index","follow":"follow","max-snippet":"max-snippet:-1","max-image-preview":"max-image-preview:large","max-video-preview":"max-video-preview:-1"},"canonical":"https:\/\/fruitssp.com\/es\/noticies\/salses-fruits-amb-la-pica-de-picamoixons\/","og_locale":"es_ES","og_type":"article","og_title":"Salses Fruits amb La Pica de Picamoixons - Salses Fruits","og_description":"Salses Fruits ha col\u00b7laborat en l'organitzaci\u00f3 de La Pica amb l'escalf del Brou calent per tots els participants.La 18a edici\u00f3 de La Pica, la pedalada BTT hivernal de Picamoixons (Alt Camp), es va celebrar el diumenge 18 de gener de 2026. Es tracta d'una pedalada BTT no competitiva, oberta a tothom.","og_url":"https:\/\/fruitssp.com\/es\/noticies\/salses-fruits-amb-la-pica-de-picamoixons\/","og_site_name":"Salses Fruits","article_publisher":"https:\/\/www.facebook.com\/Salses-Fruits-SP-1137777022906379\/","article_published_time":"2026-01-20T17:09:03+00:00","article_modified_time":"2026-01-21T17:35:25+00:00","og_image":[{"width":1080,"height":1350,"url":"https:\/\/fruitssp.com\/wp-content\/uploads\/2026\/01\/LaPica2026-JAR001.jpg","type":"image\/jpeg"}],"author":"fruitssp","twitter_card":"summary_large_image","twitter_misc":{"Escrito por":"fruitssp","Tiempo de lectura":"2 minutos"},"schema":{"@context":"https:\/\/schema.org","@graph":[{"@type":"Article","@id":"https:\/\/fruitssp.com\/noticies\/salses-fruits-amb-la-pica-de-picamoixons\/#article","isPartOf":{"@id":"https:\/\/fruitssp.com\/noticies\/salses-fruits-amb-la-pica-de-picamoixons\/"},"author":{"name":"fruitssp","@id":"https:\/\/fruitssp.com\/#\/schema\/person\/74f4a70f480644ed06e5945c13b509c8"},"headline":"Salses Fruits amb La Pica de Picamoixons","datePublished":"2026-01-20T17:09:03+00:00","dateModified":"2026-01-21T17:35:25+00:00","mainEntityOfPage":{"@id":"https:\/\/fruitssp.com\/noticies\/salses-fruits-amb-la-pica-de-picamoixons\/"},"wordCount":171,"publisher":{"@id":"https:\/\/fruitssp.com\/#organization"},"image":{"@id":"https:\/\/fruitssp.com\/noticies\/salses-fruits-amb-la-pica-de-picamoixons\/#primaryimage"},"thumbnailUrl":"https:\/\/fruitssp.com\/wp-content\/uploads\/2026\/01\/LaPica2026-JAR001.jpg","keywords":["BTT","esport","La Pica","Picamoixons","Salut"],"articleSection":["Noticies"],"inLanguage":"es"},{"@type":"WebPage","@id":"https:\/\/fruitssp.com\/noticies\/salses-fruits-amb-la-pica-de-picamoixons\/","url":"https:\/\/fruitssp.com\/noticies\/salses-fruits-amb-la-pica-de-picamoixons\/","name":"Salses Fruits amb La Pica de Picamoixons - Salses Fruits","isPartOf":{"@id":"https:\/\/fruitssp.com\/#website"},"primaryImageOfPage":{"@id":"https:\/\/fruitssp.com\/noticies\/salses-fruits-amb-la-pica-de-picamoixons\/#primaryimage"},"image":{"@id":"https:\/\/fruitssp.com\/noticies\/salses-fruits-amb-la-pica-de-picamoixons\/#primaryimage"},"thumbnailUrl":"https:\/\/fruitssp.com\/wp-content\/uploads\/2026\/01\/LaPica2026-JAR001.jpg","datePublished":"2026-01-20T17:09:03+00:00","dateModified":"2026-01-21T17:35:25+00:00","description":"Salses Fruits ha col\u00b7laborat en l'organitzaci\u00f3 de La Pica amb l'escalf del Brou calent per tots els participants.La 18a edici\u00f3 de La Pica, la pedalada BTT hivernal de Picamoixons (Alt Camp), es va celebrar el diumenge 18 de gener de 2026. Es tracta d'una pedalada BTT no competitiva, oberta a tothom.","breadcrumb":{"@id":"https:\/\/fruitssp.com\/noticies\/salses-fruits-amb-la-pica-de-picamoixons\/#breadcrumb"},"inLanguage":"es","potentialAction":[{"@type":"ReadAction","target":["https:\/\/fruitssp.com\/noticies\/salses-fruits-amb-la-pica-de-picamoixons\/"]}]},{"@type":"ImageObject","inLanguage":"es","@id":"https:\/\/fruitssp.com\/noticies\/salses-fruits-amb-la-pica-de-picamoixons\/#primaryimage","url":"https:\/\/fruitssp.com\/wp-content\/uploads\/2026\/01\/LaPica2026-JAR001.jpg","contentUrl":"https:\/\/fruitssp.com\/wp-content\/uploads\/2026\/01\/LaPica2026-JAR001.jpg","width":1080,"height":1350},{"@type":"BreadcrumbList","@id":"https:\/\/fruitssp.com\/noticies\/salses-fruits-amb-la-pica-de-picamoixons\/#breadcrumb","itemListElement":[{"@type":"ListItem","position":1,"name":"Inici","item":"https:\/\/fruitssp.com\/"},{"@type":"ListItem","position":2,"name":"Salses Fruits amb La Pica de Picamoixons"}]},{"@type":"WebSite","@id":"https:\/\/fruitssp.com\/#website","url":"https:\/\/fruitssp.com\/","name":"FruitsSP","description":"Salsas y productos frescos y naturales, de la tierra del cal\u00e7ot","publisher":{"@id":"https:\/\/fruitssp.com\/#organization"},"potentialAction":[{"@type":"SearchAction","target":{"@type":"EntryPoint","urlTemplate":"https:\/\/fruitssp.com\/?s={search_term_string}"},"query-input":{"@type":"PropertyValueSpecification","valueRequired":true,"valueName":"search_term_string"}}],"inLanguage":"es"},{"@type":"Organization","@id":"https:\/\/fruitssp.com\/#organization","name":"Salsas Frutos S &amp; P","url":"https:\/\/fruitssp.com\/","logo":{"@type":"ImageObject","inLanguage":"es","@id":"https:\/\/fruitssp.com\/#\/schema\/logo\/image\/","url":"https:\/\/fruitssp.com\/wp-content\/uploads\/2022\/12\/logoFruits_472x406.png","contentUrl":"https:\/\/fruitssp.com\/wp-content\/uploads\/2022\/12\/logoFruits_472x406.png","width":472,"height":406,"caption":"Salses Fruits S&P"},"image":{"@id":"https:\/\/fruitssp.com\/#\/schema\/logo\/image\/"},"sameAs":["https:\/\/www.facebook.com\/Salses-Fruits-SP-1137777022906379\/","https:\/\/www.instagram.com\/salsesfruitssp\/","https:\/\/www.linkedin.com\/company\/salses-fruits-s-i-p-sl\/"]},{"@type":"Person","@id":"https:\/\/fruitssp.com\/#\/schema\/person\/74f4a70f480644ed06e5945c13b509c8","name":"fruitssp"}]}},"_links":{"self":[{"href":"https:\/\/fruitssp.com\/es\/wp-json\/wp\/v2\/posts\/29591","targetHints":{"allow":["GET"]}}],"collection":[{"href":"https:\/\/fruitssp.com\/es\/wp-json\/wp\/v2\/posts"}],"about":[{"href":"https:\/\/fruitssp.com\/es\/wp-json\/wp\/v2\/types\/post"}],"author":[{"embeddable":true,"href":"https:\/\/fruitssp.com\/es\/wp-json\/wp\/v2\/users\/1"}],"replies":[{"embeddable":true,"href":"https:\/\/fruitssp.com\/es\/wp-json\/wp\/v2\/comments?post=29591"}],"version-history":[{"count":0,"href":"https:\/\/fruitssp.com\/es\/wp-json\/wp\/v2\/posts\/29591\/revisions"}],"wp:featuredmedia":[{"embeddable":true,"href":"https:\/\/fruitssp.com\/es\/wp-json\/wp\/v2\/media\/29593"}],"wp:attachment":[{"href":"https:\/\/fruitssp.com\/es\/wp-json\/wp\/v2\/media?parent=29591"}],"wp:term":[{"taxonomy":"category","embeddable":true,"href":"https:\/\/fruitssp.com\/es\/wp-json\/wp\/v2\/categories?post=29591"},{"taxonomy":"post_tag","embeddable":true,"href":"https:\/\/fruitssp.com\/es\/wp-json\/wp\/v2\/tags?post=29591"}],"curies":[{"name":"wp","href":"https:\/\/api.w.org\/{rel}","templated":true}]}}