{"id":29652,"date":"2026-03-05T13:45:48","date_gmt":"2026-03-05T13:45:48","guid":{"rendered":"https:\/\/fruitssp.com\/?p=29652"},"modified":"2026-03-10T07:51:12","modified_gmt":"2026-03-10T07:51:12","slug":"salses-fruits-alimentaria-2026","status":"publish","type":"post","link":"https:\/\/fruitssp.com\/es\/general-es\/salses-fruits-alimentaria-2026\/","title":{"rendered":"Salses Fruits debuta en Aliment\u00e0ria 2026 con una explosi\u00f3n de sabores tradicionales y nuevas propuestas gourmet."},"content":{"rendered":"<section class=\"l-section wpb_row height_medium\"><div class=\"l-section-h i-cf\"><div class=\"g-cols vc_row via_grid cols_1 laptops-cols_inherit tablets-cols_inherit mobiles-cols_1 valign_top type_default stacking_default\"><div class=\"wpb_column vc_column_container\"><div class=\"vc_column-inner\"><div class=\"wpb_text_column\"><div class=\"wpb_wrapper\"><p class=\"p1\"><span class=\"s1\"><i>Figuerola del Camp, 3 de marzo de 2026<\/i>\u00a0-\u00a0<b>Salses Fruits<\/b>, empresa l\u00edder en la producci\u00f3n de productos locales con sabor aut\u00e9ntico, anuncia su participaci\u00f3n en la \u00faltima edici\u00f3n del evento m\u00e1s importante del sector alimentario, <b>Feria Gastron\u00f3mica 2026<\/b>, que se celebrar\u00e1\u00a0<b>Del 23 al 26 de marzo en el recinto Gran Via de Fira Barcelona<\/b>. Este a\u00f1o, la marca apuesta por una ambiciosa ampliaci\u00f3n de su cat\u00e1logo, combinando innovaci\u00f3n con recetas tradicionales.\u00a0<\/span><\/p>\n<h2 class=\"p1\"><span class=\"s1\"><b>Innovaci\u00f3n en salsas con un sello distintivo<\/b><b><\/b><\/span><\/h2>\n<p class=\"p1\"><span class=\"s1\">En esta edici\u00f3n, <b>Salses Fruits <\/b>invita a los visitantes a descubrir sus \u00faltimas creaciones, dise\u00f1adas para elevar cualquier experiencia culinaria. La empresa, m\u00e1s conocida por su\u00a0<b>Salsa para cal\u00e7otada,<\/b> para el <b>Salsa de ajo y perejil,<\/b> por<b> el alioli, <\/b><\/span><span class=\"s2\">\u00a0<\/span><span class=\"s1\">y por su\u00a0<b>Gazpacho<\/b>, presentar\u00e1 una gama de nuevos productos de primera calidad, entre los que destacan: el <b>Salsa chimichurri<\/b>, ideal para carnes; el cl\u00e1sico y cremoso <b>Aderezo para ensalada C\u00e9sar<\/b>; y equilibrado <b>Vinagreta de frutos secos<\/b> Dise\u00f1ado para los paladares m\u00e1s aventureros.<\/span><\/p>\n<p class=\"p1\"><span class=\"s1\">Tambi\u00e9n estar\u00e1 presente en Alimentaria 2026 el<b> Cremas de salsas y frutas<\/b>; Deliciosas, nutritivas y saludables, elaboradas con verduras frescas y aceite de oliva virgen extra 100 %. Las cremas de Salses Fruits son ideales para quienes desean disfrutar de una amplia variedad de sabores naturales y son perfectas para los consumidores que buscan una dieta equilibrada, sabrosa y respetuosa con el medio ambiente. Todas en formato de 475 cc, presentamos las <b>Crema de calabaza<\/b>, suave y saludable; el <b>Crema de calabac\u00edn<\/b>, la estrella de la gama; el <b>Crema de verduras<\/b>, delicioso y nutritivo; y el <b>Vichyssoise<\/b>, saludable y delicioso. Para la temporada de verano, entre las sopas fr\u00edas de Salses Fruits, destaca su famosa sopa. <b>Gazpacho<\/b> y el\u00a0<b>Salmorejo<\/b>, ambos como productos refrigerados.<\/span><\/p>\n<p class=\"p1\"><span class=\"s1\">Sin embargo, entre todos los productos, las principales estrellas del stand de Salses Fruits en Aliment\u00e0ria 2026 son las salsas. Salses Fruits tiene<span class=\"Apple-converted-space\">\u00a0 <\/span>ha diversificado considerablemente su cat\u00e1logo hacia productos frescos y listos para consumir, tales como: el <b>Salsa Cal\u00e7otada<\/b>, <b>Salsa Romesco<\/b>, <b>Salsa Allioli <\/b>(sabor tradicional e intenso), <b>Salsa Brava<\/b>, <b>Salsa Pesto<\/b> y <b>Salsa Verde<\/b>. Y tambi\u00e9n sus aguijones, como el <b>Picada de Ajo y Perejil<\/b>. <\/span><\/p>\n<p class=\"p1\"><span class=\"s1\">Todos los productos Salses Fruits suelen encontrarse en la secci\u00f3n de refrigerados de los grandes supermercados, as\u00ed como en tiendas de alimentaci\u00f3n, fruter\u00edas y tiendas de productos gourmet.\u00a0<\/span><\/p>\n<\/div><\/div><div class=\"w-image align_center\"><div class=\"w-image-h\"><img loading=\"lazy\" decoding=\"async\" width=\"900\" height=\"984\" src=\"https:\/\/fruitssp.com\/wp-content\/uploads\/2026\/03\/CHIMICHURRI-120g-FRUITS-ESP-copia.jpg\" class=\"attachment-large size-large\" alt=\"\" srcset=\"https:\/\/fruitssp.com\/wp-content\/uploads\/2026\/03\/CHIMICHURRI-120g-FRUITS-ESP-copia.jpg 900w, https:\/\/fruitssp.com\/wp-content\/uploads\/2026\/03\/CHIMICHURRI-120g-FRUITS-ESP-copia-274x300.jpg 274w, https:\/\/fruitssp.com\/wp-content\/uploads\/2026\/03\/CHIMICHURRI-120g-FRUITS-ESP-copia-11x12.jpg 11w, https:\/\/fruitssp.com\/wp-content\/uploads\/2026\/03\/CHIMICHURRI-120g-FRUITS-ESP-copia-600x656.jpg 600w, https:\/\/fruitssp.com\/wp-content\/uploads\/2026\/03\/CHIMICHURRI-120g-FRUITS-ESP-copia-768x840.jpg 768w, https:\/\/fruitssp.com\/wp-content\/uploads\/2026\/03\/CHIMICHURRI-120g-FRUITS-ESP-copia-100x109.jpg 100w, https:\/\/fruitssp.com\/wp-content\/uploads\/2026\/03\/CHIMICHURRI-120g-FRUITS-ESP-copia-300x328.jpg 300w\" sizes=\"auto, (max-width: 900px) 100vw, 900px\" \/><\/div><\/div><div class=\"wpb_text_column\"><div class=\"wpb_wrapper\"><h2 class=\"p1\"><span class=\"s1\"><b>Salses Fruits Professional, al servicio del sector HORECA<\/b><b><\/b><\/span><\/h2>\n<p class=\"p1\"><span class=\"s1\">La divisi\u00f3n <b>Salses Fruits Professional<\/b>, Ofrece un cat\u00e1logo de productos HORECA con formatos especiales para el sector de la restauraci\u00f3n y la hosteler\u00eda, facilitando el trabajo de los profesionales al suministrarles productos de calidad y ahorr\u00e1ndoles horas de trabajo en la cocina.<\/span><\/p>\n<p class=\"p1\"><span class=\"s1\">Cabe destacar que Salses Fruits cuenta con un <b>Departamento de Innovaci\u00f3n y Desarrollo de Productos<\/b>, atento a las necesidades del mercado.<\/span><\/p>\n<p class=\"p2\"><span class=\"s1\">El puesto de Salses Fruits, situado en\u00a0<b>Pabell\u00f3n 1, stand C-81-03<\/b>, ser\u00e1 el punto de encuentro para los profesionales que deseen experimentar la perfecta fusi\u00f3n entre tradici\u00f3n e innovaci\u00f3n en la cocina catalana.<\/span><\/p>\n<p class=\"p2\"><span class=\"s1\">\u00a0<\/span><span class=\"s1\"><b>Francesc Sans<\/b>, director general de\u00a0<b>Salses Fruits<\/b>, expresa su ilusi\u00f3n por este evento:\u00a0<i>\u201cNuestra presencia en Aliment\u00e0ria es el momento perfecto para demostrar que la producci\u00f3n a gran escala puede conservar el alma de la cocina casera. Con las nuevas salsas y cremas, queremos poner la calidad gourmet al alcance de todos.<\/i><i><\/i><\/span><\/p>\n<p class=\"p1\"><span class=\"s1\">Si est\u00e1 interesado en conocer m\u00e1s sobre\u00a0<b>Salses Fruits<\/b>\u00a0y para degustar sus deliciosos productos, le invitamos a visitar el stand de la <b>Feria gastron\u00f3mica<\/b>, que tendr\u00e1 lugar <b>Del 23 al 26 de marzo en el recinto Gran Via de Fira Barcelona<\/b>.<\/span><\/p>\n<p>&nbsp;<\/p>\n<p class=\"p4\"><span class=\"s3\">(enlace) <a href=\"https:\/\/fruitssp.com\/wp-content\/uploads\/2026\/03\/NdP-Salses-Fruits-Alimentaria-2026.pdf\" target=\"_blank\" rel=\"noopener\">Descargar el comunicado de prensa en PDF.<\/a><\/span><\/p>\n<p class=\"p2\"><span class=\"s1\">(enlace) <a href=\"https:\/\/fruitssp.com\/es\/productes\/\">Descubre todos los productos<\/a><\/span><\/p>\n<\/div><\/div><div class=\"w-image align_center\"><div class=\"w-image-h\"><img loading=\"lazy\" decoding=\"async\" width=\"1024\" height=\"935\" src=\"https:\/\/fruitssp.com\/wp-content\/uploads\/2026\/03\/Alimentaria-Salses-Fruits-1024x935.jpg\" class=\"attachment-large size-large\" alt=\"\" srcset=\"https:\/\/fruitssp.com\/wp-content\/uploads\/2026\/03\/Alimentaria-Salses-Fruits-1024x935.jpg 1024w, https:\/\/fruitssp.com\/wp-content\/uploads\/2026\/03\/Alimentaria-Salses-Fruits-300x274.jpg 300w, https:\/\/fruitssp.com\/wp-content\/uploads\/2026\/03\/Alimentaria-Salses-Fruits-13x12.jpg 13w, https:\/\/fruitssp.com\/wp-content\/uploads\/2026\/03\/Alimentaria-Salses-Fruits-600x548.jpg 600w, https:\/\/fruitssp.com\/wp-content\/uploads\/2026\/03\/Alimentaria-Salses-Fruits-768x701.jpg 768w, https:\/\/fruitssp.com\/wp-content\/uploads\/2026\/03\/Alimentaria-Salses-Fruits-100x91.jpg 100w, https:\/\/fruitssp.com\/wp-content\/uploads\/2026\/03\/Alimentaria-Salses-Fruits-900x822.jpg 900w, https:\/\/fruitssp.com\/wp-content\/uploads\/2026\/03\/Alimentaria-Salses-Fruits.jpg 1080w\" sizes=\"auto, (max-width: 1024px) 100vw, 1024px\" \/><\/div><\/div><\/div><\/div><\/div><\/div><\/section><section class=\"l-section wpb_row height_medium\"><div class=\"l-section-h i-cf\"><div class=\"g-cols vc_row via_grid cols_1 laptops-cols_inherit tablets-cols_inherit mobiles-cols_1 valign_top type_default stacking_default\"><div class=\"wpb_column vc_column_container\"><div class=\"vc_column-inner\"><\/div><\/div><\/div><\/div><\/section>","protected":false},"excerpt":{"rendered":"Figuerola del Camp, 3 de mar\u00e7 de 2026\u00a0\u2013\u00a0Salses Fruits, empresa referent en l\u2019elaboraci\u00f3 de productes de proximitat amb sabor aut\u00e8ntic, anuncia la seva participaci\u00f3 en la nova edici\u00f3 de l\u2019esdeveniment l\u00edder del sector alimentari, Fira Alimentaria 2026, que se celebrar\u00e0\u00a0del 23 al 26 de mar\u00e7 al recinte Gran Via de Fira Barcelona. Enguany, la marca...","protected":false},"author":1,"featured_media":29653,"comment_status":"closed","ping_status":"closed","sticky":false,"template":"","format":"standard","meta":{"inline_featured_image":false,"footnotes":""},"categories":[48,1],"tags":[483,484,485],"class_list":["post-29652","post","type-post","status-publish","format-standard","has-post-thumbnail","hentry","category-general-es","category-noticies","tag-alimentaria-2026","tag-innovacio","tag-salses"],"yoast_head":"<!-- This site is optimized with the Yoast SEO plugin v26.7 - https:\/\/yoast.com\/wordpress\/plugins\/seo\/ -->\n<title>Salses Fruits desembarca a Aliment\u00e0ria 2026 amb una explosi\u00f3 de sabors tradicionals i noves apostes de gurmet. - Salses Fruits<\/title>\n<meta name=\"description\" content=\"Salses Fruits, empresa referent en l\u2019elaboraci\u00f3 de productes de proximitat amb sabor aut\u00e8ntic, anuncia la seva participaci\u00f3 en la nova edici\u00f3 de l\u2019esdeveniment l\u00edder del sector alimentari, Fira Alimentaria 2026, que se celebrar\u00e0\u00a0del 23 al 26 de mar\u00e7 al recinte Gran Via de Fira Barcelona. Enguany, la marca aposta per una ambiciosa expansi\u00f3 del seu cat\u00e0leg, combinant la innovaci\u00f3 amb les receptes de tota la vida.\u00a0\" \/>\n<meta name=\"robots\" content=\"index, follow, max-snippet:-1, max-image-preview:large, max-video-preview:-1\" \/>\n<link rel=\"canonical\" href=\"https:\/\/fruitssp.com\/es\/general-es\/salses-fruits-alimentaria-2026\/\" \/>\n<meta property=\"og:locale\" content=\"es_ES\" \/>\n<meta property=\"og:type\" content=\"article\" \/>\n<meta property=\"og:title\" content=\"Salses Fruits desembarca a Aliment\u00e0ria 2026 amb una explosi\u00f3 de sabors tradicionals i noves apostes de gurmet. - Salses Fruits\" \/>\n<meta property=\"og:description\" content=\"Salses Fruits, empresa referent en l\u2019elaboraci\u00f3 de productes de proximitat amb sabor aut\u00e8ntic, anuncia la seva participaci\u00f3 en la nova edici\u00f3 de l\u2019esdeveniment l\u00edder del sector alimentari, Fira Alimentaria 2026, que se celebrar\u00e0\u00a0del 23 al 26 de mar\u00e7 al recinte Gran Via de Fira Barcelona. Enguany, la marca aposta per una ambiciosa expansi\u00f3 del seu cat\u00e0leg, combinant la innovaci\u00f3 amb les receptes de tota la vida.\u00a0\" \/>\n<meta property=\"og:url\" content=\"https:\/\/fruitssp.com\/es\/general-es\/salses-fruits-alimentaria-2026\/\" \/>\n<meta property=\"og:site_name\" content=\"Salses Fruits\" \/>\n<meta property=\"article:publisher\" content=\"https:\/\/www.facebook.com\/Salses-Fruits-SP-1137777022906379\/\" \/>\n<meta property=\"article:published_time\" content=\"2026-03-05T13:45:48+00:00\" \/>\n<meta property=\"article:modified_time\" content=\"2026-03-10T07:51:12+00:00\" \/>\n<meta property=\"og:image\" content=\"https:\/\/fruitssp.com\/wp-content\/uploads\/2026\/03\/Alimentaria_Fruits_1080CAT.jpg\" \/>\n\t<meta property=\"og:image:width\" content=\"1080\" \/>\n\t<meta property=\"og:image:height\" content=\"1080\" \/>\n\t<meta property=\"og:image:type\" content=\"image\/jpeg\" \/>\n<meta name=\"author\" content=\"fruitssp\" \/>\n<meta name=\"twitter:card\" content=\"summary_large_image\" \/>\n<meta name=\"twitter:label1\" content=\"Escrito por\" \/>\n\t<meta name=\"twitter:data1\" content=\"fruitssp\" \/>\n\t<meta name=\"twitter:label2\" content=\"Tiempo de lectura\" \/>\n\t<meta name=\"twitter:data2\" content=\"4 minutos\" \/>\n<!-- \/ Yoast SEO plugin. -->","yoast_head_json":{"title":"Salses Fruits desembarca a Aliment\u00e0ria 2026 amb una explosi\u00f3 de sabors tradicionals i noves apostes de gurmet. - Salses Fruits","description":"Salses Fruits, empresa referent en l\u2019elaboraci\u00f3 de productes de proximitat amb sabor aut\u00e8ntic, anuncia la seva participaci\u00f3 en la nova edici\u00f3 de l\u2019esdeveniment l\u00edder del sector alimentari, Fira Alimentaria 2026, que se celebrar\u00e0\u00a0del 23 al 26 de mar\u00e7 al recinte Gran Via de Fira Barcelona. Enguany, la marca aposta per una ambiciosa expansi\u00f3 del seu cat\u00e0leg, combinant la innovaci\u00f3 amb les receptes de tota la vida.\u00a0","robots":{"index":"index","follow":"follow","max-snippet":"max-snippet:-1","max-image-preview":"max-image-preview:large","max-video-preview":"max-video-preview:-1"},"canonical":"https:\/\/fruitssp.com\/es\/general-es\/salses-fruits-alimentaria-2026\/","og_locale":"es_ES","og_type":"article","og_title":"Salses Fruits desembarca a Aliment\u00e0ria 2026 amb una explosi\u00f3 de sabors tradicionals i noves apostes de gurmet. - Salses Fruits","og_description":"Salses Fruits, empresa referent en l\u2019elaboraci\u00f3 de productes de proximitat amb sabor aut\u00e8ntic, anuncia la seva participaci\u00f3 en la nova edici\u00f3 de l\u2019esdeveniment l\u00edder del sector alimentari, Fira Alimentaria 2026, que se celebrar\u00e0\u00a0del 23 al 26 de mar\u00e7 al recinte Gran Via de Fira Barcelona. Enguany, la marca aposta per una ambiciosa expansi\u00f3 del seu cat\u00e0leg, combinant la innovaci\u00f3 amb les receptes de tota la vida.\u00a0","og_url":"https:\/\/fruitssp.com\/es\/general-es\/salses-fruits-alimentaria-2026\/","og_site_name":"Salses Fruits","article_publisher":"https:\/\/www.facebook.com\/Salses-Fruits-SP-1137777022906379\/","article_published_time":"2026-03-05T13:45:48+00:00","article_modified_time":"2026-03-10T07:51:12+00:00","og_image":[{"width":1080,"height":1080,"url":"https:\/\/fruitssp.com\/wp-content\/uploads\/2026\/03\/Alimentaria_Fruits_1080CAT.jpg","type":"image\/jpeg"}],"author":"fruitssp","twitter_card":"summary_large_image","twitter_misc":{"Escrito por":"fruitssp","Tiempo de lectura":"4 minutos"},"schema":{"@context":"https:\/\/schema.org","@graph":[{"@type":"Article","@id":"https:\/\/fruitssp.com\/general-es\/salses-fruits-alimentaria-2026\/#article","isPartOf":{"@id":"https:\/\/fruitssp.com\/general-es\/salses-fruits-alimentaria-2026\/"},"author":{"name":"fruitssp","@id":"https:\/\/fruitssp.com\/#\/schema\/person\/74f4a70f480644ed06e5945c13b509c8"},"headline":"Salses Fruits desembarca a Aliment\u00e0ria 2026 amb una explosi\u00f3 de sabors tradicionals i noves apostes de gurmet.","datePublished":"2026-03-05T13:45:48+00:00","dateModified":"2026-03-10T07:51:12+00:00","mainEntityOfPage":{"@id":"https:\/\/fruitssp.com\/general-es\/salses-fruits-alimentaria-2026\/"},"wordCount":663,"publisher":{"@id":"https:\/\/fruitssp.com\/#organization"},"image":{"@id":"https:\/\/fruitssp.com\/general-es\/salses-fruits-alimentaria-2026\/#primaryimage"},"thumbnailUrl":"https:\/\/fruitssp.com\/wp-content\/uploads\/2026\/03\/Alimentaria_Fruits_1080CAT.jpg","keywords":["Alimentaria 2026","Innovaci\u00f3","Salses"],"articleSection":["General","Noticies"],"inLanguage":"es"},{"@type":"WebPage","@id":"https:\/\/fruitssp.com\/general-es\/salses-fruits-alimentaria-2026\/","url":"https:\/\/fruitssp.com\/general-es\/salses-fruits-alimentaria-2026\/","name":"Salses Fruits desembarca a Aliment\u00e0ria 2026 amb una explosi\u00f3 de sabors tradicionals i noves apostes de gurmet. - Salses Fruits","isPartOf":{"@id":"https:\/\/fruitssp.com\/#website"},"primaryImageOfPage":{"@id":"https:\/\/fruitssp.com\/general-es\/salses-fruits-alimentaria-2026\/#primaryimage"},"image":{"@id":"https:\/\/fruitssp.com\/general-es\/salses-fruits-alimentaria-2026\/#primaryimage"},"thumbnailUrl":"https:\/\/fruitssp.com\/wp-content\/uploads\/2026\/03\/Alimentaria_Fruits_1080CAT.jpg","datePublished":"2026-03-05T13:45:48+00:00","dateModified":"2026-03-10T07:51:12+00:00","description":"Salses Fruits, empresa referent en l\u2019elaboraci\u00f3 de productes de proximitat amb sabor aut\u00e8ntic, anuncia la seva participaci\u00f3 en la nova edici\u00f3 de l\u2019esdeveniment l\u00edder del sector alimentari, Fira Alimentaria 2026, que se celebrar\u00e0\u00a0del 23 al 26 de mar\u00e7 al recinte Gran Via de Fira Barcelona. Enguany, la marca aposta per una ambiciosa expansi\u00f3 del seu cat\u00e0leg, combinant la innovaci\u00f3 amb les receptes de tota la vida.\u00a0","breadcrumb":{"@id":"https:\/\/fruitssp.com\/general-es\/salses-fruits-alimentaria-2026\/#breadcrumb"},"inLanguage":"es","potentialAction":[{"@type":"ReadAction","target":["https:\/\/fruitssp.com\/general-es\/salses-fruits-alimentaria-2026\/"]}]},{"@type":"ImageObject","inLanguage":"es","@id":"https:\/\/fruitssp.com\/general-es\/salses-fruits-alimentaria-2026\/#primaryimage","url":"https:\/\/fruitssp.com\/wp-content\/uploads\/2026\/03\/Alimentaria_Fruits_1080CAT.jpg","contentUrl":"https:\/\/fruitssp.com\/wp-content\/uploads\/2026\/03\/Alimentaria_Fruits_1080CAT.jpg","width":1080,"height":1080},{"@type":"BreadcrumbList","@id":"https:\/\/fruitssp.com\/general-es\/salses-fruits-alimentaria-2026\/#breadcrumb","itemListElement":[{"@type":"ListItem","position":1,"name":"Inici","item":"https:\/\/fruitssp.com\/"},{"@type":"ListItem","position":2,"name":"Salses Fruits desembarca a Aliment\u00e0ria 2026 amb una explosi\u00f3 de sabors tradicionals i noves apostes de gurmet."}]},{"@type":"WebSite","@id":"https:\/\/fruitssp.com\/#website","url":"https:\/\/fruitssp.com\/","name":"FruitsSP","description":"Salsas y productos frescos y naturales, de la tierra del cal\u00e7ot","publisher":{"@id":"https:\/\/fruitssp.com\/#organization"},"potentialAction":[{"@type":"SearchAction","target":{"@type":"EntryPoint","urlTemplate":"https:\/\/fruitssp.com\/?s={search_term_string}"},"query-input":{"@type":"PropertyValueSpecification","valueRequired":true,"valueName":"search_term_string"}}],"inLanguage":"es"},{"@type":"Organization","@id":"https:\/\/fruitssp.com\/#organization","name":"Salsas Frutos S &amp; P","url":"https:\/\/fruitssp.com\/","logo":{"@type":"ImageObject","inLanguage":"es","@id":"https:\/\/fruitssp.com\/#\/schema\/logo\/image\/","url":"https:\/\/fruitssp.com\/wp-content\/uploads\/2022\/12\/logoFruits_472x406.png","contentUrl":"https:\/\/fruitssp.com\/wp-content\/uploads\/2022\/12\/logoFruits_472x406.png","width":472,"height":406,"caption":"Salses Fruits S&P"},"image":{"@id":"https:\/\/fruitssp.com\/#\/schema\/logo\/image\/"},"sameAs":["https:\/\/www.facebook.com\/Salses-Fruits-SP-1137777022906379\/","https:\/\/www.instagram.com\/salsesfruitssp\/","https:\/\/www.linkedin.com\/company\/salses-fruits-s-i-p-sl\/"]},{"@type":"Person","@id":"https:\/\/fruitssp.com\/#\/schema\/person\/74f4a70f480644ed06e5945c13b509c8","name":"fruitssp"}]}},"_links":{"self":[{"href":"https:\/\/fruitssp.com\/es\/wp-json\/wp\/v2\/posts\/29652","targetHints":{"allow":["GET"]}}],"collection":[{"href":"https:\/\/fruitssp.com\/es\/wp-json\/wp\/v2\/posts"}],"about":[{"href":"https:\/\/fruitssp.com\/es\/wp-json\/wp\/v2\/types\/post"}],"author":[{"embeddable":true,"href":"https:\/\/fruitssp.com\/es\/wp-json\/wp\/v2\/users\/1"}],"replies":[{"embeddable":true,"href":"https:\/\/fruitssp.com\/es\/wp-json\/wp\/v2\/comments?post=29652"}],"version-history":[{"count":0,"href":"https:\/\/fruitssp.com\/es\/wp-json\/wp\/v2\/posts\/29652\/revisions"}],"wp:featuredmedia":[{"embeddable":true,"href":"https:\/\/fruitssp.com\/es\/wp-json\/wp\/v2\/media\/29653"}],"wp:attachment":[{"href":"https:\/\/fruitssp.com\/es\/wp-json\/wp\/v2\/media?parent=29652"}],"wp:term":[{"taxonomy":"category","embeddable":true,"href":"https:\/\/fruitssp.com\/es\/wp-json\/wp\/v2\/categories?post=29652"},{"taxonomy":"post_tag","embeddable":true,"href":"https:\/\/fruitssp.com\/es\/wp-json\/wp\/v2\/tags?post=29652"}],"curies":[{"name":"wp","href":"https:\/\/api.w.org\/{rel}","templated":true}]}}