{"id":29773,"date":"2026-04-17T12:07:28","date_gmt":"2026-04-17T12:07:28","guid":{"rendered":"https:\/\/fruitssp.com\/?p=29773"},"modified":"2026-04-21T16:33:13","modified_gmt":"2026-04-21T16:33:13","slug":"salses-fruits-a-la-fira-de-locupacio-de-valls-i-lalt-camp","status":"publish","type":"post","link":"https:\/\/fruitssp.com\/es\/noticies\/salses-fruits-a-la-fira-de-locupacio-de-valls-i-lalt-camp\/","title":{"rendered":"Salses Fruits en la Feria de Empleo de Valls y el Alt Camp"},"content":{"rendered":"<section class=\"l-section wpb_row height_medium\"><div class=\"l-section-h i-cf\"><div class=\"g-cols vc_row via_grid cols_1 laptops-cols_inherit tablets-cols_inherit mobiles-cols_1 valign_top type_default stacking_default\"><div class=\"wpb_column vc_column_container\"><div class=\"vc_column-inner\"><div class=\"wpb_text_column\"><div class=\"wpb_wrapper\"><p class=\"p1\"><span class=\"s1\">El equipo de Recursos Humanos de <strong>Salses Fruits<\/strong>, formado por <strong>Ana Laura Coello<\/strong> y <strong>Isaac Novau<\/strong>, ha participat con un stand en la <strong>3\u00aa edici\u00f3n de la Feria de Empleo de Valls y el Alt Camp<\/strong> al Pavell\u00f3 Xavi Tondo, del Forn\u00e0s de Valls, <\/span><span class=\"s1\">organizada por el Ayuntamiento de Valls, la C\u00e1mara de Comercio de Valls y Vallsgenera.<\/span><\/p>\n<p class=\"p1\"><span class=\"s1\">Una feria estrictamente dedicada al empleo, con m\u00e1s de 45 empresas buscando talento, 220 ofertas laborales de perfiles muy diversos y m\u00e1s de 700 personas que han venido a conocernos.<\/span><\/p>\n<p class=\"p1\"><span class=\"s1\">En la Feria hemos podido explicar nuestro proyecto a muchas personas que pueden formar parte de nuestra empresa. Desde Salses Fruits, estamos abiertos a conocer personas con ganas, actitud y talento para sumarse a nuestros proyectos actuales.\u00a0<\/span><\/p>\n<p class=\"p1\"><strong><span class=\"s1\">Si crees que eres la persona que buscamos, ponte en contacto con nosotros.<\/span><\/strong><\/p>\n<\/div><\/div><div class=\"w-image align_none meta_simple\"><div class=\"w-image-h\"><img loading=\"lazy\" decoding=\"async\" width=\"1080\" height=\"1350\" src=\"https:\/\/fruitssp.com\/wp-content\/uploads\/2026\/04\/SFFiraOcupacio2026.jpg\" class=\"attachment-full size-full\" alt=\"Estand de Salses Fruits a la Fira de l&#039;Ocupaci\u00f3 de Valls i l&#039;Alt Camp\" srcset=\"https:\/\/fruitssp.com\/wp-content\/uploads\/2026\/04\/SFFiraOcupacio2026.jpg 1080w, https:\/\/fruitssp.com\/wp-content\/uploads\/2026\/04\/SFFiraOcupacio2026-240x300.jpg 240w, https:\/\/fruitssp.com\/wp-content\/uploads\/2026\/04\/SFFiraOcupacio2026-819x1024.jpg 819w, https:\/\/fruitssp.com\/wp-content\/uploads\/2026\/04\/SFFiraOcupacio2026-10x12.jpg 10w, https:\/\/fruitssp.com\/wp-content\/uploads\/2026\/04\/SFFiraOcupacio2026-600x750.jpg 600w, https:\/\/fruitssp.com\/wp-content\/uploads\/2026\/04\/SFFiraOcupacio2026-768x960.jpg 768w, https:\/\/fruitssp.com\/wp-content\/uploads\/2026\/04\/SFFiraOcupacio2026-100x125.jpg 100w, https:\/\/fruitssp.com\/wp-content\/uploads\/2026\/04\/SFFiraOcupacio2026-300x375.jpg 300w, https:\/\/fruitssp.com\/wp-content\/uploads\/2026\/04\/SFFiraOcupacio2026-900x1125.jpg 900w\" sizes=\"auto, (max-width: 1080px) 100vw, 1080px\" \/><\/div><div class=\"w-image-meta\"><div class=\"w-image-title\">Stand de Salses Fruits en la Feria de Empleo de Valls y L'Alt Camp<\/div><\/div><\/div><\/div><\/div><\/div><\/div><\/section>","protected":false},"excerpt":{"rendered":"L&#8217;equip de Recursos Humans de Salses Fruits, format per Ana Laura Coello i Isaac Novau, ha participat amb un estand a la 3a edici\u00f3 de la Fira de l\u2019Ocupaci\u00f3 de Valls i l&#8217;Alt Camp al Pavell\u00f3 Xavi Tondo, del Forn\u00e0s de Valls, organitzada per l\u2019Ajuntament de Valls, la\u00a0Cambra de Comer\u00e7 de Valls\u00a0i\u00a0Vallsgenera. Una fira estrictament...","protected":false},"author":1,"featured_media":29774,"comment_status":"closed","ping_status":"closed","sticky":false,"template":"","format":"standard","meta":{"inline_featured_image":false,"footnotes":""},"categories":[1],"tags":[501,503,502],"class_list":["post-29773","post","type-post","status-publish","format-standard","has-post-thumbnail","hentry","category-noticies","tag-fira-ocupacio-valls-i-alt-camp","tag-projecte","tag-talent"],"yoast_head":"<!-- This site is optimized with the Yoast SEO plugin v26.7 - https:\/\/yoast.com\/wordpress\/plugins\/seo\/ -->\n<title>Salses Fruits a la Fira de l\u2019Ocupaci\u00f3 de Valls i l&#039;Alt Camp - Salses Fruits<\/title>\n<meta name=\"description\" content=\"A la Fira hem pogut explicar el nostre projecte a moltes persones que poden formar part de la nostra empresa. Des de Salses Fruits, estem oberts a con\u00e8ixer persones amb ganes, actitud i talent per sumar-se als nostres projectes actuals.\u00a0\" \/>\n<meta name=\"robots\" content=\"index, follow, max-snippet:-1, max-image-preview:large, max-video-preview:-1\" \/>\n<link rel=\"canonical\" href=\"https:\/\/fruitssp.com\/es\/noticies\/salses-fruits-a-la-fira-de-locupacio-de-valls-i-lalt-camp\/\" \/>\n<meta property=\"og:locale\" content=\"es_ES\" \/>\n<meta property=\"og:type\" content=\"article\" \/>\n<meta property=\"og:title\" content=\"Salses Fruits a la Fira de l\u2019Ocupaci\u00f3 de Valls i l&#039;Alt Camp - Salses Fruits\" \/>\n<meta property=\"og:description\" content=\"A la Fira hem pogut explicar el nostre projecte a moltes persones que poden formar part de la nostra empresa. Des de Salses Fruits, estem oberts a con\u00e8ixer persones amb ganes, actitud i talent per sumar-se als nostres projectes actuals.\u00a0\" \/>\n<meta property=\"og:url\" content=\"https:\/\/fruitssp.com\/es\/noticies\/salses-fruits-a-la-fira-de-locupacio-de-valls-i-lalt-camp\/\" \/>\n<meta property=\"og:site_name\" content=\"Salses Fruits\" \/>\n<meta property=\"article:publisher\" content=\"https:\/\/www.facebook.com\/Salses-Fruits-SP-1137777022906379\/\" \/>\n<meta property=\"article:published_time\" content=\"2026-04-17T12:07:28+00:00\" \/>\n<meta property=\"article:modified_time\" content=\"2026-04-21T16:33:13+00:00\" \/>\n<meta property=\"og:image\" content=\"https:\/\/fruitssp.com\/wp-content\/uploads\/2026\/04\/SFFiraOcupacio2026.jpg\" \/>\n\t<meta property=\"og:image:width\" content=\"1080\" \/>\n\t<meta property=\"og:image:height\" content=\"1350\" \/>\n\t<meta property=\"og:image:type\" content=\"image\/jpeg\" \/>\n<meta name=\"author\" content=\"fruitssp\" \/>\n<meta name=\"twitter:card\" content=\"summary_large_image\" \/>\n<meta name=\"twitter:label1\" content=\"Escrito por\" \/>\n\t<meta name=\"twitter:data1\" content=\"fruitssp\" \/>\n\t<meta name=\"twitter:label2\" content=\"Tiempo de lectura\" \/>\n\t<meta name=\"twitter:data2\" content=\"2 minutos\" \/>\n<!-- \/ Yoast SEO plugin. -->","yoast_head_json":{"title":"Salses Fruits a la Fira de l\u2019Ocupaci\u00f3 de Valls i l'Alt Camp - Salses Fruits","description":"En la Feria hemos podido explicar nuestro proyecto a muchas personas que pueden formar parte de nuestra empresa. Desde Salses Fruits, estamos abiertos a conocer personas con ganas, actitud y talento para sumarse a nuestros proyectos actuales.\u00a0","robots":{"index":"index","follow":"follow","max-snippet":"max-snippet:-1","max-image-preview":"max-image-preview:large","max-video-preview":"max-video-preview:-1"},"canonical":"https:\/\/fruitssp.com\/es\/noticies\/salses-fruits-a-la-fira-de-locupacio-de-valls-i-lalt-camp\/","og_locale":"es_ES","og_type":"article","og_title":"Salses Fruits a la Fira de l\u2019Ocupaci\u00f3 de Valls i l'Alt Camp - Salses Fruits","og_description":"A la Fira hem pogut explicar el nostre projecte a moltes persones que poden formar part de la nostra empresa. Des de Salses Fruits, estem oberts a con\u00e8ixer persones amb ganes, actitud i talent per sumar-se als nostres projectes actuals.\u00a0","og_url":"https:\/\/fruitssp.com\/es\/noticies\/salses-fruits-a-la-fira-de-locupacio-de-valls-i-lalt-camp\/","og_site_name":"Salses Fruits","article_publisher":"https:\/\/www.facebook.com\/Salses-Fruits-SP-1137777022906379\/","article_published_time":"2026-04-17T12:07:28+00:00","article_modified_time":"2026-04-21T16:33:13+00:00","og_image":[{"width":1080,"height":1350,"url":"https:\/\/fruitssp.com\/wp-content\/uploads\/2026\/04\/SFFiraOcupacio2026.jpg","type":"image\/jpeg"}],"author":"fruitssp","twitter_card":"summary_large_image","twitter_misc":{"Escrito por":"fruitssp","Tiempo de lectura":"2 minutos"},"schema":{"@context":"https:\/\/schema.org","@graph":[{"@type":"Article","@id":"https:\/\/fruitssp.com\/noticies\/salses-fruits-a-la-fira-de-locupacio-de-valls-i-lalt-camp\/#article","isPartOf":{"@id":"https:\/\/fruitssp.com\/noticies\/salses-fruits-a-la-fira-de-locupacio-de-valls-i-lalt-camp\/"},"author":{"name":"fruitssp","@id":"https:\/\/fruitssp.com\/#\/schema\/person\/74f4a70f480644ed06e5945c13b509c8"},"headline":"Salses Fruits a la Fira de l\u2019Ocupaci\u00f3 de Valls i l&#8217;Alt Camp","datePublished":"2026-04-17T12:07:28+00:00","dateModified":"2026-04-21T16:33:13+00:00","mainEntityOfPage":{"@id":"https:\/\/fruitssp.com\/noticies\/salses-fruits-a-la-fira-de-locupacio-de-valls-i-lalt-camp\/"},"wordCount":175,"publisher":{"@id":"https:\/\/fruitssp.com\/#organization"},"image":{"@id":"https:\/\/fruitssp.com\/noticies\/salses-fruits-a-la-fira-de-locupacio-de-valls-i-lalt-camp\/#primaryimage"},"thumbnailUrl":"https:\/\/fruitssp.com\/wp-content\/uploads\/2026\/04\/SFFiraOcupacio2026.jpg","keywords":["Fira Ocupaci\u00f3 Valls i Alt Camp","Projecte","Talent"],"articleSection":["Noticies"],"inLanguage":"es"},{"@type":"WebPage","@id":"https:\/\/fruitssp.com\/noticies\/salses-fruits-a-la-fira-de-locupacio-de-valls-i-lalt-camp\/","url":"https:\/\/fruitssp.com\/noticies\/salses-fruits-a-la-fira-de-locupacio-de-valls-i-lalt-camp\/","name":"Salses Fruits a la Fira de l\u2019Ocupaci\u00f3 de Valls i l'Alt Camp - Salses Fruits","isPartOf":{"@id":"https:\/\/fruitssp.com\/#website"},"primaryImageOfPage":{"@id":"https:\/\/fruitssp.com\/noticies\/salses-fruits-a-la-fira-de-locupacio-de-valls-i-lalt-camp\/#primaryimage"},"image":{"@id":"https:\/\/fruitssp.com\/noticies\/salses-fruits-a-la-fira-de-locupacio-de-valls-i-lalt-camp\/#primaryimage"},"thumbnailUrl":"https:\/\/fruitssp.com\/wp-content\/uploads\/2026\/04\/SFFiraOcupacio2026.jpg","datePublished":"2026-04-17T12:07:28+00:00","dateModified":"2026-04-21T16:33:13+00:00","description":"En la Feria hemos podido explicar nuestro proyecto a muchas personas que pueden formar parte de nuestra empresa. Desde Salses Fruits, estamos abiertos a conocer personas con ganas, actitud y talento para sumarse a nuestros proyectos actuales.\u00a0","breadcrumb":{"@id":"https:\/\/fruitssp.com\/noticies\/salses-fruits-a-la-fira-de-locupacio-de-valls-i-lalt-camp\/#breadcrumb"},"inLanguage":"es","potentialAction":[{"@type":"ReadAction","target":["https:\/\/fruitssp.com\/noticies\/salses-fruits-a-la-fira-de-locupacio-de-valls-i-lalt-camp\/"]}]},{"@type":"ImageObject","inLanguage":"es","@id":"https:\/\/fruitssp.com\/noticies\/salses-fruits-a-la-fira-de-locupacio-de-valls-i-lalt-camp\/#primaryimage","url":"https:\/\/fruitssp.com\/wp-content\/uploads\/2026\/04\/SFFiraOcupacio2026.jpg","contentUrl":"https:\/\/fruitssp.com\/wp-content\/uploads\/2026\/04\/SFFiraOcupacio2026.jpg","width":1080,"height":1350,"caption":"Estand de Salses Fruits a la Fira de l'Ocupaci\u00f3 de Valls i l'Alt Camp"},{"@type":"BreadcrumbList","@id":"https:\/\/fruitssp.com\/noticies\/salses-fruits-a-la-fira-de-locupacio-de-valls-i-lalt-camp\/#breadcrumb","itemListElement":[{"@type":"ListItem","position":1,"name":"Inici","item":"https:\/\/fruitssp.com\/"},{"@type":"ListItem","position":2,"name":"Salses Fruits a la Fira de l\u2019Ocupaci\u00f3 de Valls i l&#8217;Alt Camp"}]},{"@type":"WebSite","@id":"https:\/\/fruitssp.com\/#website","url":"https:\/\/fruitssp.com\/","name":"FruitsSP","description":"Salsas y productos frescos y naturales, de la tierra del cal\u00e7ot","publisher":{"@id":"https:\/\/fruitssp.com\/#organization"},"potentialAction":[{"@type":"SearchAction","target":{"@type":"EntryPoint","urlTemplate":"https:\/\/fruitssp.com\/?s={search_term_string}"},"query-input":{"@type":"PropertyValueSpecification","valueRequired":true,"valueName":"search_term_string"}}],"inLanguage":"es"},{"@type":"Organization","@id":"https:\/\/fruitssp.com\/#organization","name":"Salsas Frutos S &amp; P","url":"https:\/\/fruitssp.com\/","logo":{"@type":"ImageObject","inLanguage":"es","@id":"https:\/\/fruitssp.com\/#\/schema\/logo\/image\/","url":"https:\/\/fruitssp.com\/wp-content\/uploads\/2022\/12\/logoFruits_472x406.png","contentUrl":"https:\/\/fruitssp.com\/wp-content\/uploads\/2022\/12\/logoFruits_472x406.png","width":472,"height":406,"caption":"Salses Fruits S&P"},"image":{"@id":"https:\/\/fruitssp.com\/#\/schema\/logo\/image\/"},"sameAs":["https:\/\/www.facebook.com\/Salses-Fruits-SP-1137777022906379\/","https:\/\/www.instagram.com\/salsesfruitssp\/","https:\/\/www.linkedin.com\/company\/salses-fruits-s-i-p-sl\/"]},{"@type":"Person","@id":"https:\/\/fruitssp.com\/#\/schema\/person\/74f4a70f480644ed06e5945c13b509c8","name":"fruitssp"}]}},"_links":{"self":[{"href":"https:\/\/fruitssp.com\/es\/wp-json\/wp\/v2\/posts\/29773","targetHints":{"allow":["GET"]}}],"collection":[{"href":"https:\/\/fruitssp.com\/es\/wp-json\/wp\/v2\/posts"}],"about":[{"href":"https:\/\/fruitssp.com\/es\/wp-json\/wp\/v2\/types\/post"}],"author":[{"embeddable":true,"href":"https:\/\/fruitssp.com\/es\/wp-json\/wp\/v2\/users\/1"}],"replies":[{"embeddable":true,"href":"https:\/\/fruitssp.com\/es\/wp-json\/wp\/v2\/comments?post=29773"}],"version-history":[{"count":0,"href":"https:\/\/fruitssp.com\/es\/wp-json\/wp\/v2\/posts\/29773\/revisions"}],"wp:featuredmedia":[{"embeddable":true,"href":"https:\/\/fruitssp.com\/es\/wp-json\/wp\/v2\/media\/29774"}],"wp:attachment":[{"href":"https:\/\/fruitssp.com\/es\/wp-json\/wp\/v2\/media?parent=29773"}],"wp:term":[{"taxonomy":"category","embeddable":true,"href":"https:\/\/fruitssp.com\/es\/wp-json\/wp\/v2\/categories?post=29773"},{"taxonomy":"post_tag","embeddable":true,"href":"https:\/\/fruitssp.com\/es\/wp-json\/wp\/v2\/tags?post=29773"}],"curies":[{"name":"wp","href":"https:\/\/api.w.org\/{rel}","templated":true}]}}