{"id":7945,"date":"2021-02-15T13:57:05","date_gmt":"2021-02-15T13:57:05","guid":{"rendered":"https:\/\/fruitssp.com\/?p=7945"},"modified":"2021-07-21T11:15:46","modified_gmt":"2021-07-21T11:15:46","slug":"finalitza-la-15a-edicio-de-la-marxa-btt-cabra-pedala-per-la-marato-de-tv3-patrocinada-per-salses-fruits-sp","status":"publish","type":"post","link":"https:\/\/fruitssp.com\/es\/general-es\/finalitza-la-15a-edicio-de-la-marxa-btt-cabra-pedala-per-la-marato-de-tv3-patrocinada-per-salses-fruits-sp\/","title":{"rendered":"Finaliza la 15\u00aa edici\u00f3n de Cabra Pedalea por la Marat\u00f3n de TV3"},"content":{"rendered":"<p style=\"display: none;\">Finaliza la 15\u00aa<\/p>\n<h3><img loading=\"lazy\" decoding=\"async\" class=\"aligncenter wp-image-7946 size-full\" src=\"https:\/\/fruitssp.com\/wp-content\/uploads\/2021\/02\/pedala-per-la-marato-tv3-cabra-del-camp-salses-fruits-banner.png\" alt=\"Finalitza la 15a\" width=\"756\" height=\"331\" srcset=\"https:\/\/fruitssp.com\/wp-content\/uploads\/2021\/02\/pedala-per-la-marato-tv3-cabra-del-camp-salses-fruits-banner.png 756w, https:\/\/fruitssp.com\/wp-content\/uploads\/2021\/02\/pedala-per-la-marato-tv3-cabra-del-camp-salses-fruits-banner-300x131.png 300w, https:\/\/fruitssp.com\/wp-content\/uploads\/2021\/02\/pedala-per-la-marato-tv3-cabra-del-camp-salses-fruits-banner-16x7.png 16w, https:\/\/fruitssp.com\/wp-content\/uploads\/2021\/02\/pedala-per-la-marato-tv3-cabra-del-camp-salses-fruits-banner-600x263.png 600w, https:\/\/fruitssp.com\/wp-content\/uploads\/2021\/02\/pedala-per-la-marato-tv3-cabra-del-camp-salses-fruits-banner-18x8.png 18w\" sizes=\"auto, (max-width: 756px) 100vw, 756px\" \/><\/h3>\n<p>&nbsp;<\/p>\n<p><strong style=\"font-family: -apple-system, BlinkMacSystemFont, 'Segoe UI', Roboto, Oxygen-Sans, Ubuntu, Cantarell, 'Helvetica Neue', sans-serif;\">Domingo, 14 de febrero de 2021, se hizo la entrega de premios, patrocinados Salses FRUITS, S&amp;P, con la colaboraci\u00f3n del Ayuntamiento de Cabra, Cabra Moto Sport, la Asociaci\u00f3n de vecinos Los Jordanos, la Asociaci\u00f3n de mujeres, y la bodega Mas Vicen\u00e7.<\/strong><\/p>\n<div class=\"bs-shortcode bs-text\">\n<div class=\"bs-text-content\">\n<h2 style=\"display: none;\">ganadores<\/h2>\n<p><strong>\u00a0<\/strong><strong>Ganadores:<\/strong><\/p>\n<ul>\n<li><strong>BTT Femenino: N\u00faria Martorell, Mireia Rovira y Laura Pallej\u00e0<\/strong><\/li>\n<li><strong style=\"font-family: -apple-system, BlinkMacSystemFont, 'Segoe UI', Roboto, Oxygen-Sans, Ubuntu, Cantarell, 'Helvetica Neue', sans-serif;\">BTT Masculino: Oscar Lara, J. Carlos Rosell y Salvador Canela<\/strong><\/li>\n<li><strong style=\"font-family: -apple-system, BlinkMacSystemFont, 'Segoe UI', Roboto, Oxygen-Sans, Ubuntu, Cantarell, 'Helvetica Neue', sans-serif;\">E-BIKE Femenino: Sandra Dom\u00ednguez<\/strong><\/li>\n<li><strong style=\"font-family: -apple-system, BlinkMacSystemFont, 'Segoe UI', Roboto, Oxygen-Sans, Ubuntu, Cantarell, 'Helvetica Neue', sans-serif;\">E-BIKE Masculino: Adri\u00e0 Rovira, Mag\u00ed Ferr\u00e9, Jordi de Haro<\/strong><\/li>\n<\/ul>\n<p><strong>Participaron m\u00e1s de 100 personas de las cuales 64 hicieron la marcha en BTT y el resto hicieron aportaciones para la Marat\u00f3 de TV3.<\/strong><\/p>\n<p><strong>La 15\u00aa edici\u00f3n de la marcha en BTT, CABRA PEDALA PER LA MARAT\u00d3 DE TV3, Memorial Xavi Tondo y Volpini, patrocinada por Salses Fruits S&amp;P ha recogido 1.650\u20ac para la marat\u00f3 de TV3.<\/strong><\/p>\n<p>Debido a la pandemia y de las restricciones de la Covid-19, la organizaci\u00f3n de la 15\u00aa edici\u00f3n de la carrera popular en BTT \u201cPEDALA PER LA MARAT\u00d3 DE TV3\u201d - Memorial Xavi Tondo y Volpini, decidi\u00f3 hacer la prueba en formato individual, con tecnolog\u00eda GPS.<\/p>\n<p>Esta edici\u00f3n no ten\u00eda una fecha concreta de realizaci\u00f3n. Se pod\u00eda hacer entrega a partir del s\u00e1bado 12 de diciembre de 2020, hasta el domingo 30 de enero de 2021. Hay que decir que el confinamiento municipal no ayud\u00f3 demasiado a la participaci\u00f3n.<\/p>\n<p>El recorrido se pod\u00eda seguir mediante GPS, con una ruta parcialmente se\u00f1alizada. Era apto para todos los niveles, constaba de un total de 30 km y de 800 m de desnivel acumulado.<\/p>\n<p>Para seguirlo hab\u00eda que entrar en WIKILOC. Para poder obtener una calificaci\u00f3n se utiliz\u00f3 la aplicaci\u00f3n STRAVA. El recorrido circular sal\u00eda del Pabell\u00f3n Municipal de Cabra del Camp y acababa en ese mismo punto. Hab\u00eda la opci\u00f3n de hacerlo p\u00fablico y participar en los premios o no.<\/p>\n<h2 style=\"display: none;\">ganadores<\/h2>\n<p>Los premios se limitaron a las categor\u00edas absolutas. BTT Femenino, BTT Masculino, E-bikes Femenino y E-bikes Masculino. Por otra parte todos los participantes que hac\u00edan donativo entraban en un sorteo de una cesta de productos del patrocinador oficial de la prueba Salsas Frutos S &amp; P.<\/p>\n<p>Tambi\u00e9n entraban en el sorteo del lote especial de Salsas Frutos las personas que hac\u00edan donativos directamente para la Marat\u00f3n de TV3, sin participar en BTT. La carrera es de car\u00e1cter ben\u00e9fico donde toda la recaudaci\u00f3n va destinada \u00edntegramente a la Marat\u00f3n de TV3.<\/p>\n<p>Ante el \u00e9xito y la aceptaci\u00f3n de la participaci\u00f3n individual con GPS, la organizaci\u00f3n se plantea repetir este formato en la pr\u00f3xima edici\u00f3n, comparti\u00e9ndolo con la carrera habitual.<\/p>\n<p>La organizaci\u00f3n quiere agradecer la participaci\u00f3n de todos, y los donativos a la la Marat\u00f3 de TV3, y os emplaza el pr\u00f3ximo diciembre de 2021 en la 16\u00aa edici\u00f3n de la marcha en BTT \u201cPEDALA PER LA MARAT\u00d3 DE TV3\u201d - Memorial Xavi Tondo y Volpini.<\/p>\n<div class=\"w-gallery cols_3 link_none type_masonry with_indents\"><div class=\"w-gallery-list\"><div class=\"w-gallery-item order_1\"><div class=\"w-gallery-item-img\"><img loading=\"lazy\" decoding=\"async\" width=\"600\" height=\"600\" src=\"https:\/\/fruitssp.com\/wp-content\/uploads\/2021\/02\/IMG_4830-600x600.jpg\" class=\"attachment-us_600_600_crop size-us_600_600_crop\" alt=\"guanyadors pedala per la marato tv3 cabra del camp Salses Fruits SP\" srcset=\"https:\/\/fruitssp.com\/wp-content\/uploads\/2021\/02\/IMG_4830-600x600.jpg 600w, https:\/\/fruitssp.com\/wp-content\/uploads\/2021\/02\/IMG_4830-150x150.jpg 150w, https:\/\/fruitssp.com\/wp-content\/uploads\/2021\/02\/IMG_4830-350x350.jpg 350w\" sizes=\"auto, (max-width: 600px) 100vw, 600px\" \/><\/div><\/div><div class=\"w-gallery-item order_2\"><div class=\"w-gallery-item-img\"><img loading=\"lazy\" decoding=\"async\" width=\"600\" height=\"600\" src=\"https:\/\/fruitssp.com\/wp-content\/uploads\/2021\/02\/IMG_4835-600x600.jpg\" class=\"attachment-us_600_600_crop size-us_600_600_crop\" alt=\"Finalitza la 15a\" srcset=\"https:\/\/fruitssp.com\/wp-content\/uploads\/2021\/02\/IMG_4835-600x600.jpg 600w, https:\/\/fruitssp.com\/wp-content\/uploads\/2021\/02\/IMG_4835-150x150.jpg 150w, https:\/\/fruitssp.com\/wp-content\/uploads\/2021\/02\/IMG_4835-350x350.jpg 350w\" sizes=\"auto, (max-width: 600px) 100vw, 600px\" \/><\/div><\/div><div class=\"w-gallery-item order_3\"><div class=\"w-gallery-item-img\"><img loading=\"lazy\" decoding=\"async\" width=\"600\" height=\"600\" src=\"https:\/\/fruitssp.com\/wp-content\/uploads\/2021\/02\/IMG_4858-600x600.jpg\" class=\"attachment-us_600_600_crop size-us_600_600_crop\" alt=\"guanyadors pedala per la marat\u00f3 cabra del camp 2020\" srcset=\"https:\/\/fruitssp.com\/wp-content\/uploads\/2021\/02\/IMG_4858-600x600.jpg 600w, https:\/\/fruitssp.com\/wp-content\/uploads\/2021\/02\/IMG_4858-150x150.jpg 150w, https:\/\/fruitssp.com\/wp-content\/uploads\/2021\/02\/IMG_4858-350x350.jpg 350w\" sizes=\"auto, (max-width: 600px) 100vw, 600px\" \/><\/div><\/div><div class=\"w-gallery-item order_4\"><div class=\"w-gallery-item-img\"><img loading=\"lazy\" decoding=\"async\" width=\"600\" height=\"600\" src=\"https:\/\/fruitssp.com\/wp-content\/uploads\/2021\/02\/IMG_4840-600x600.jpg\" class=\"attachment-us_600_600_crop size-us_600_600_crop\" alt=\"guanyadors pedala per la marato tv3 cabra del camp Salses Fruits SP\" srcset=\"https:\/\/fruitssp.com\/wp-content\/uploads\/2021\/02\/IMG_4840-600x600.jpg 600w, https:\/\/fruitssp.com\/wp-content\/uploads\/2021\/02\/IMG_4840-150x150.jpg 150w, https:\/\/fruitssp.com\/wp-content\/uploads\/2021\/02\/IMG_4840-350x350.jpg 350w\" sizes=\"auto, (max-width: 600px) 100vw, 600px\" \/><\/div><\/div><div class=\"w-gallery-item order_5\"><div class=\"w-gallery-item-img\"><img loading=\"lazy\" decoding=\"async\" width=\"600\" height=\"600\" src=\"https:\/\/fruitssp.com\/wp-content\/uploads\/2021\/02\/IMG_4842-600x600.jpg\" class=\"attachment-us_600_600_crop size-us_600_600_crop\" alt=\"guanyadors pedala per la marato tv3 cabra del camp Salses Fruits SP\" srcset=\"https:\/\/fruitssp.com\/wp-content\/uploads\/2021\/02\/IMG_4842-600x600.jpg 600w, https:\/\/fruitssp.com\/wp-content\/uploads\/2021\/02\/IMG_4842-150x150.jpg 150w, https:\/\/fruitssp.com\/wp-content\/uploads\/2021\/02\/IMG_4842-350x350.jpg 350w\" sizes=\"auto, (max-width: 600px) 100vw, 600px\" \/><\/div><\/div><div class=\"w-gallery-item order_6\"><div class=\"w-gallery-item-img\"><img loading=\"lazy\" decoding=\"async\" width=\"600\" height=\"600\" src=\"https:\/\/fruitssp.com\/wp-content\/uploads\/2021\/02\/IMG_4844-600x600.jpg\" class=\"attachment-us_600_600_crop size-us_600_600_crop\" alt=\"guanyadors pedala per la marato tv3 cabra del camp Salses Fruits SP\" srcset=\"https:\/\/fruitssp.com\/wp-content\/uploads\/2021\/02\/IMG_4844-600x600.jpg 600w, https:\/\/fruitssp.com\/wp-content\/uploads\/2021\/02\/IMG_4844-150x150.jpg 150w, https:\/\/fruitssp.com\/wp-content\/uploads\/2021\/02\/IMG_4844-350x350.jpg 350w\" sizes=\"auto, (max-width: 600px) 100vw, 600px\" \/><\/div><\/div><div class=\"w-gallery-item order_7\"><div class=\"w-gallery-item-img\"><img loading=\"lazy\" decoding=\"async\" width=\"600\" height=\"600\" src=\"https:\/\/fruitssp.com\/wp-content\/uploads\/2021\/02\/IMG_4857-600x600.jpg\" class=\"attachment-us_600_600_crop size-us_600_600_crop\" alt=\"\" srcset=\"https:\/\/fruitssp.com\/wp-content\/uploads\/2021\/02\/IMG_4857-600x600.jpg 600w, https:\/\/fruitssp.com\/wp-content\/uploads\/2021\/02\/IMG_4857-150x150.jpg 150w, https:\/\/fruitssp.com\/wp-content\/uploads\/2021\/02\/IMG_4857-350x350.jpg 350w\" sizes=\"auto, (max-width: 600px) 100vw, 600px\" \/><\/div><\/div><div class=\"w-gallery-item order_8\"><div class=\"w-gallery-item-img\"><img loading=\"lazy\" decoding=\"async\" width=\"600\" height=\"600\" src=\"https:\/\/fruitssp.com\/wp-content\/uploads\/2021\/02\/IMG_4855-600x600.jpg\" class=\"attachment-us_600_600_crop size-us_600_600_crop\" alt=\"\" srcset=\"https:\/\/fruitssp.com\/wp-content\/uploads\/2021\/02\/IMG_4855-600x600.jpg 600w, https:\/\/fruitssp.com\/wp-content\/uploads\/2021\/02\/IMG_4855-150x150.jpg 150w, https:\/\/fruitssp.com\/wp-content\/uploads\/2021\/02\/IMG_4855-350x350.jpg 350w\" sizes=\"auto, (max-width: 600px) 100vw, 600px\" \/><\/div><\/div><div class=\"w-gallery-item order_9\"><div class=\"w-gallery-item-img\"><img loading=\"lazy\" decoding=\"async\" width=\"600\" height=\"600\" src=\"https:\/\/fruitssp.com\/wp-content\/uploads\/2021\/02\/IMG_4854-600x600.jpg\" class=\"attachment-us_600_600_crop size-us_600_600_crop\" alt=\"\" srcset=\"https:\/\/fruitssp.com\/wp-content\/uploads\/2021\/02\/IMG_4854-600x600.jpg 600w, https:\/\/fruitssp.com\/wp-content\/uploads\/2021\/02\/IMG_4854-150x150.jpg 150w, https:\/\/fruitssp.com\/wp-content\/uploads\/2021\/02\/IMG_4854-350x350.jpg 350w\" sizes=\"auto, (max-width: 600px) 100vw, 600px\" \/><\/div><\/div><div class=\"w-gallery-item order_10\"><div class=\"w-gallery-item-img\"><img loading=\"lazy\" decoding=\"async\" width=\"600\" height=\"600\" src=\"https:\/\/fruitssp.com\/wp-content\/uploads\/2021\/02\/IMG_4851-600x600.jpg\" class=\"attachment-us_600_600_crop size-us_600_600_crop\" alt=\"\" srcset=\"https:\/\/fruitssp.com\/wp-content\/uploads\/2021\/02\/IMG_4851-600x600.jpg 600w, https:\/\/fruitssp.com\/wp-content\/uploads\/2021\/02\/IMG_4851-150x150.jpg 150w, https:\/\/fruitssp.com\/wp-content\/uploads\/2021\/02\/IMG_4851-350x350.jpg 350w\" sizes=\"auto, (max-width: 600px) 100vw, 600px\" \/><\/div><\/div><div class=\"w-gallery-item order_11\"><div class=\"w-gallery-item-img\"><img loading=\"lazy\" decoding=\"async\" width=\"600\" height=\"600\" src=\"https:\/\/fruitssp.com\/wp-content\/uploads\/2021\/02\/IMG_4849-600x600.jpg\" class=\"attachment-us_600_600_crop size-us_600_600_crop\" alt=\"\" srcset=\"https:\/\/fruitssp.com\/wp-content\/uploads\/2021\/02\/IMG_4849-600x600.jpg 600w, https:\/\/fruitssp.com\/wp-content\/uploads\/2021\/02\/IMG_4849-150x150.jpg 150w, https:\/\/fruitssp.com\/wp-content\/uploads\/2021\/02\/IMG_4849-350x350.jpg 350w\" sizes=\"auto, (max-width: 600px) 100vw, 600px\" \/><\/div><\/div><div class=\"w-gallery-item order_12\"><div class=\"w-gallery-item-img\"><img loading=\"lazy\" decoding=\"async\" width=\"600\" height=\"600\" src=\"https:\/\/fruitssp.com\/wp-content\/uploads\/2021\/02\/IMG_4846-600x600.jpg\" class=\"attachment-us_600_600_crop size-us_600_600_crop\" alt=\"\" srcset=\"https:\/\/fruitssp.com\/wp-content\/uploads\/2021\/02\/IMG_4846-600x600.jpg 600w, https:\/\/fruitssp.com\/wp-content\/uploads\/2021\/02\/IMG_4846-150x150.jpg 150w, https:\/\/fruitssp.com\/wp-content\/uploads\/2021\/02\/IMG_4846-350x350.jpg 350w\" sizes=\"auto, (max-width: 600px) 100vw, 600px\" \/><\/div><\/div><\/div><\/div>\n<\/div>\n<\/div>\n<p>&nbsp;<\/p>\n<style>\n.w-blogpost-preview{background-image:none!important;background-color: transparent!important;}.w-blogpost{padding: 0!important;}.w-blogpost::after{background:none!important;}.w-blogpost h1{color: #29b28f!important;}.w-blogpost-meta *{color:#000000!important;}<\/style>\n<div style=\"display: none;\">\n<h2>Finaliza la 15\u00aa<\/h2>\n<h3>Finaliza la 15\u00aa<\/h3>\n<p>\nEn primer lugar,. En primer lugar,. En primer lugar,. En primer lugar,. En primer lugar,. En primer lugar,. En primer lugar,. En primer lugar,. En primer lugar,. En primer lugar,. En primer lugar,. En primer lugar,. En primer lugar,. En primer lugar,. En primer lugar,. En primer lugar,. En primer lugar,. En primer lugar,. En primer lugar,. En primer lugar,. En primer lugar,. En primer lugar,. En primer lugar,. En primer lugar,. En primer lugar,. En primer lugar,. En primer lugar,. En primer lugar,. En primer lugar,. En primer lugar,. En primer lugar,. En primer lugar,. En primer lugar,. En primer lugar,. En primer lugar,. En primer lugar,. En primer lugar,. En primer lugar,. En primer lugar,. En primer lugar,.\n<\/p>\n<p>\nEn primer lugar, oramos ipsum dolor sit amet, consectetur adipiscing \u00e9lite. In vestibulum pretium nisi vehicula congue. Curabitur lobortis tristique neque, quis puerta nisi tempus quis. Donec ultrices posuere \u00e9lite, sit amet tincidunt Orci consectetur quis. Mauris rhoncus tristique facil\u00edsimo. Por un lado, t congue v\u00e9lites velita, te faucibus l\u00edgulas volutpat te. A\u00fan as\u00ed, urabitur VENENATA ante quis elementum pellentesque. In a pretium sapien. Empiezan las cal\u00e7otades. Aliquam erat volutpat. Donec Viverra cursus Gravida. Fusce accumsan sed leo vitae tempus. Las picaduras m\u00e1s frescas <a href=\"https:\/\/tgd.cat\">TGDigital<\/a><a href=\"\/es\/\">frutos<\/a>\n<\/p>\n<p>\nEn primer lugar, raso non sapien Interdum, vestibulum nisi nec, commodo nisl. A\u00fan as\u00ed, urabitur sit amet Orci facil\u00edsimo, Sagitta diam non, ullamcorper augue. Sin embargo, raso no nula pellentesque, congue tellus vitae, temporarias Orci. Duis odio Mauri, accumsan eu urna ac, Bland sodales Turpin. Phasellus diam risus, tempus te accumsan a, egestas ut Mauri. Aliquam tincidunt Mauris lacus, sit amet auctor dui accumsan varices. Nulla nec tellus a ipsum vestibulum Gravida. Por un lado, n egestas Sagitta purus eu dapibus. Praeses orna demasiado demasiado, sit amet facil\u00edsimo ante porttitor vitae, por tanto. However, that. Sin embargo, ellentesque nisi nula, VENENATA velo ARCU velo, vulputate scelerisque sem.<\/p>\n<p><h3>Finaliza la 15\u00aa<\/h3>\n<p>Aunque no valencianos, ntegro sit amet placeres risus. A pesar de ello, ulla facil\u00edsimo. En segundo lugar, Oneca nec ipsum augue. Por otra parte, ivamus eros ex, ultrices mollis bibendum at, elementum sed lectus. Sin embargo, urabitur quis augue ac tellus tincidunt hendrerit. Donec erat purus, solicitud vitae v\u00e9lites vitae, feugiat dapibus diam. Cabe decir que Maecenas faucibus demasiado vitae erat elementum consectetur. Quisque finibus, purus velo Interdum vulputate, neque leo ultrices nisi, sed facil\u00edsimo nibh purus eget quam. Por un lado, UNC nec libero eros. Las picaduras m\u00e1s frescas, por ejemplo. Sin ir m\u00e1s lejos, la picadura es buen\u00edsima. Nos encantar\u00eda que la orzata fuera probada por todos los comensales y, por supuesto, para todos los gourmands. Quisi\u00e9ramos, claro, hacerla conocida. Es por ello que la hacemos tan buena.<\/p>\n<p><h3>Finaliza la 15\u00aa<\/h3>\n<p>Cabe decir que am CONVALLARIA libero non Turpin bibendum, vitae porttitor ex Orna. Por ejemplo, Raes consecuente Interdum ante, quis pellentesque sapien aliquet eu. Por un lado, ed commodo rhoncus magna velo aliquet. En tercer lugar, n hac habitasse platea dictumst. Phasellus ARCU leo, aliquet quis consecuente id, temporarias velo ARCU. Duis vulputate dign\u00edsimo placeres. Nulamente varices ARCU eu lorem rutrum scelerisque a vitae lectus. Sin ir m\u00e1s lejos, n vulputate at Turpin ac porttitor. Morbi aliquet bibendum odio, te rutrum tellus dapibus sit amet. Por \u00faltimo, Ruis sed m\u00ed quis ARCU.<\/p>\n<p><h3>cal\u00e7ots cocidos<\/h3>\n<p>En primer lugar, oramos ipsum dolor sit amet, consectetur adipiscing \u00e9lite. In vestibulum pretium nisi vehicula congue. Curabitur lobortis tristique neque, quis puerta nisi tempus quis. Donec ultrices posuere \u00e9lite, sit amet tincidunt Orci consectetur quis. Mauris rhoncus tristique facil\u00edsimo. Ud congue v\u00e9lites velita, te faucibus l\u00edgulas volutpat te. Curabitur VENENATA ante quis elementum pellentesque. In a pretium sapien. Empiezan las cal\u00e7otades. Aliquam erat volutpat. Donec Viverra cursus Gravida. Fusce accumsan sed leo vitae tempus. Las picaduras m\u00e1s frescas <a href=\"https:\/\/tgd.cat\">TGDigital<\/a><a href=\"\/es\/\">frutos<\/a><\/p>\n<p><h3>Finaliza la 15\u00aa<\/h3>\n<\/p>\n<p>\nEn primer lugar, raso non sapien Interdum, vestibulum nisi nec, commodo nisl. Curabitur sit amet Orci facil\u00edsimo, Sagitta diam non, ullamcorper augue. Sin embargo, raso no nula pellentesque, congue tellus vitae, temporarias Orci. Duis odio Mauri, accumsan eu urna ac, Bland sodales Turpin. Phasellus diam risus, tempus te accumsan a, egestas ut Mauri. Aliquam tincidunt Mauris lacus, sit amet auctor dui accumsan varices. Nulla nec tellus a ipsum vestibulum Gravida. Por un lado, n egestas Sagitta purus eu dapibus. Praeses orna demasiado demasiado, sit amet facil\u00edsimo ante porttitor vitae, por tanto. However, that. Sin embargo, ellentesque nisi nula, VENENATA velo ARCU velo, vulputate scelerisque sem.<\/p>\n<h3>cal\u00e7ots cocidos<\/h3>\n<\/p>\n<p>\nAunque no valencianos, ntegro sit amet placeres risus. A pesar de ello, ulla facil\u00edsimo. En segundo lugar, Oneca nec ipsum augue. Por otra parte, ivamus eros ex, ultrices mollis bibendum at, elementum sed lectus. Sin embargo, urabitur quis augue ac tellus tincidunt hendrerit. Donec erat purus, solicitud vitae v\u00e9lites vitae, feugiat dapibus diam. Cabe decir que Maecenas faucibus demasiado vitae erat elementum consectetur. Quisque finibus, purus velo Interdum vulputate, neque leo ultrices nisi, sed facil\u00edsimo nibh purus eget quam. Nunc nec libero eros. Las picaduras m\u00e1s frescas, por ejemplo. Sin ir m\u00e1s lejos, la picadura es buen\u00edsima. Nos encantar\u00eda que la orzata fuera probada por todos los comensales y, por supuesto, para todos los gourmands. Quisi\u00e9ramos, claro, hacerla conocida. Es por ello que la hacemos tan buena.<\/p>\n<p><h3>cal\u00e7ots cocidos<\/h3>\n<p>En primer lugar,. En primer lugar,. En primer lugar,. En primer lugar,. En primer lugar,. En primer lugar,. En primer lugar,. En primer lugar,. En primer lugar,. En primer lugar,. En primer lugar,. En primer lugar,. En primer lugar,. En primer lugar,. En primer lugar,. En primer lugar,. En primer lugar,. En primer lugar,. En primer lugar,. En primer lugar,. En primer lugar,. En primer lugar,.\n<\/p>\n<\/div>","protected":false},"excerpt":{"rendered":"<p>Finaliza la 15\u00aa Domingo, 14 de febrero de 2021, se hizo la entrega de premios, patrocinados Salses Fruits S&amp;P, con la colaboraci\u00f3n del Ayuntamiento de Cabra, Cabra Moto Sport, la Asociaci\u00f3n de vecinos Els Jordans, l Asociaci\u00f3n de mujeres, y la bodega Mas Vicens. Ganadores Ganadores: BTT Femenino: N\u00faria Martorell, Mireia Rovira y Laura Pallej\u00e0 BTT\u2026<\/p>","protected":false},"author":1,"featured_media":7949,"comment_status":"closed","ping_status":"closed","sticky":false,"template":"","format":"standard","meta":{"inline_featured_image":false,"footnotes":""},"categories":[48],"tags":[219,218,217,220,213],"class_list":["post-7945","post","type-post","status-publish","format-standard","has-post-thumbnail","hentry","category-general-es","tag-cabra-del-camp","tag-marato-tv3","tag-pedala-marato-tv3","tag-pedala-per-la-marato","tag-salses-fruits-sp"],"yoast_head":"<!-- This site is optimized with the Yoast SEO plugin v26.7 - https:\/\/yoast.com\/wordpress\/plugins\/seo\/ -->\n<title>Finalitza la 15a edici\u00f3 de Cabra Pedala per la Marat\u00f3 de TV3<\/title>\n<meta name=\"description\" content=\"Finalitza la 15a edici\u00f3 de la marxa de BTT, Cabra Pedala per la Marat\u00f3 de TV3, patrocinada per Salses Fruits S&amp;P - memorial a Xavi Tondo.\" \/>\n<meta name=\"robots\" content=\"index, follow, max-snippet:-1, max-image-preview:large, max-video-preview:-1\" \/>\n<link rel=\"canonical\" href=\"https:\/\/fruitssp.com\/es\/general-es\/finalitza-la-15a-edicio-de-la-marxa-btt-cabra-pedala-per-la-marato-de-tv3-patrocinada-per-salses-fruits-sp\/\" \/>\n<meta property=\"og:locale\" content=\"es_ES\" \/>\n<meta property=\"og:type\" content=\"article\" \/>\n<meta property=\"og:title\" content=\"Finalitza la 15a edici\u00f3 de Cabra Pedala per la Marat\u00f3 de TV3\" \/>\n<meta property=\"og:description\" content=\"Finalitza la 15a edici\u00f3 de la marxa de BTT, Cabra Pedala per la Marat\u00f3 de TV3, patrocinada per Salses Fruits S&amp;P - memorial a Xavi Tondo.\" \/>\n<meta property=\"og:url\" content=\"https:\/\/fruitssp.com\/es\/general-es\/finalitza-la-15a-edicio-de-la-marxa-btt-cabra-pedala-per-la-marato-de-tv3-patrocinada-per-salses-fruits-sp\/\" \/>\n<meta property=\"og:site_name\" content=\"Salses Fruits\" \/>\n<meta property=\"article:publisher\" content=\"https:\/\/www.facebook.com\/Salses-Fruits-SP-1137777022906379\/\" \/>\n<meta property=\"article:published_time\" content=\"2021-02-15T13:57:05+00:00\" \/>\n<meta property=\"article:modified_time\" content=\"2021-07-21T11:15:46+00:00\" \/>\n<meta property=\"og:image\" content=\"https:\/\/fruitssp.com\/wp-content\/uploads\/2021\/02\/IMG_4835-scaled.jpg\" \/>\n\t<meta property=\"og:image:width\" content=\"1920\" \/>\n\t<meta property=\"og:image:height\" content=\"2560\" \/>\n\t<meta property=\"og:image:type\" content=\"image\/jpeg\" \/>\n<meta name=\"author\" content=\"fruitssp\" \/>\n<meta name=\"twitter:card\" content=\"summary_large_image\" \/>\n<meta name=\"twitter:label1\" content=\"Escrito por\" \/>\n\t<meta name=\"twitter:data1\" content=\"fruitssp\" \/>\n\t<meta name=\"twitter:label2\" content=\"Tiempo de lectura\" \/>\n\t<meta name=\"twitter:data2\" content=\"7 minutos\" \/>\n<!-- \/ Yoast SEO plugin. -->","yoast_head_json":{"title":"Finaliza la 15\u00aa edici\u00f3n de Cabra Pedalea por la Marat\u00f3n de TV3","description":"Finaliza la 15\u00aa edici\u00f3n de la marcha de BTT, Cabra Pedala por el Marat\u00f3n de TV3, patrocinada por Salses Fruits S&amp;P - memorial en Xavi Tondo.","robots":{"index":"index","follow":"follow","max-snippet":"max-snippet:-1","max-image-preview":"max-image-preview:large","max-video-preview":"max-video-preview:-1"},"canonical":"https:\/\/fruitssp.com\/es\/general-es\/finalitza-la-15a-edicio-de-la-marxa-btt-cabra-pedala-per-la-marato-de-tv3-patrocinada-per-salses-fruits-sp\/","og_locale":"es_ES","og_type":"article","og_title":"Finalitza la 15a edici\u00f3 de Cabra Pedala per la Marat\u00f3 de TV3","og_description":"Finalitza la 15a edici\u00f3 de la marxa de BTT, Cabra Pedala per la Marat\u00f3 de TV3, patrocinada per Salses Fruits S&P - memorial a Xavi Tondo.","og_url":"https:\/\/fruitssp.com\/es\/general-es\/finalitza-la-15a-edicio-de-la-marxa-btt-cabra-pedala-per-la-marato-de-tv3-patrocinada-per-salses-fruits-sp\/","og_site_name":"Salses Fruits","article_publisher":"https:\/\/www.facebook.com\/Salses-Fruits-SP-1137777022906379\/","article_published_time":"2021-02-15T13:57:05+00:00","article_modified_time":"2021-07-21T11:15:46+00:00","og_image":[{"width":1920,"height":2560,"url":"https:\/\/fruitssp.com\/wp-content\/uploads\/2021\/02\/IMG_4835-scaled.jpg","type":"image\/jpeg"}],"author":"fruitssp","twitter_card":"summary_large_image","twitter_misc":{"Escrito por":"fruitssp","Tiempo de lectura":"7 minutos"},"schema":{"@context":"https:\/\/schema.org","@graph":[{"@type":"Article","@id":"https:\/\/fruitssp.com\/general-es\/finalitza-la-15a-edicio-de-la-marxa-btt-cabra-pedala-per-la-marato-de-tv3-patrocinada-per-salses-fruits-sp\/#article","isPartOf":{"@id":"https:\/\/fruitssp.com\/general-es\/finalitza-la-15a-edicio-de-la-marxa-btt-cabra-pedala-per-la-marato-de-tv3-patrocinada-per-salses-fruits-sp\/"},"author":{"name":"fruitssp","@id":"https:\/\/fruitssp.com\/#\/schema\/person\/74f4a70f480644ed06e5945c13b509c8"},"headline":"Finalitza la 15a edici\u00f3 de Cabra Pedala per la Marat\u00f3 de TV3","datePublished":"2021-02-15T13:57:05+00:00","dateModified":"2021-07-21T11:15:46+00:00","mainEntityOfPage":{"@id":"https:\/\/fruitssp.com\/general-es\/finalitza-la-15a-edicio-de-la-marxa-btt-cabra-pedala-per-la-marato-de-tv3-patrocinada-per-salses-fruits-sp\/"},"wordCount":1450,"publisher":{"@id":"https:\/\/fruitssp.com\/#organization"},"image":{"@id":"https:\/\/fruitssp.com\/general-es\/finalitza-la-15a-edicio-de-la-marxa-btt-cabra-pedala-per-la-marato-de-tv3-patrocinada-per-salses-fruits-sp\/#primaryimage"},"thumbnailUrl":"https:\/\/fruitssp.com\/wp-content\/uploads\/2021\/02\/IMG_4835-scaled.jpg","keywords":["cabra del camp","marato tv3","pedala marato tv3","pedala per la marat\u00f3","salses fruits SP"],"articleSection":["General"],"inLanguage":"es"},{"@type":"WebPage","@id":"https:\/\/fruitssp.com\/general-es\/finalitza-la-15a-edicio-de-la-marxa-btt-cabra-pedala-per-la-marato-de-tv3-patrocinada-per-salses-fruits-sp\/","url":"https:\/\/fruitssp.com\/general-es\/finalitza-la-15a-edicio-de-la-marxa-btt-cabra-pedala-per-la-marato-de-tv3-patrocinada-per-salses-fruits-sp\/","name":"Finaliza la 15\u00aa edici\u00f3n de Cabra Pedalea por la Marat\u00f3n de TV3","isPartOf":{"@id":"https:\/\/fruitssp.com\/#website"},"primaryImageOfPage":{"@id":"https:\/\/fruitssp.com\/general-es\/finalitza-la-15a-edicio-de-la-marxa-btt-cabra-pedala-per-la-marato-de-tv3-patrocinada-per-salses-fruits-sp\/#primaryimage"},"image":{"@id":"https:\/\/fruitssp.com\/general-es\/finalitza-la-15a-edicio-de-la-marxa-btt-cabra-pedala-per-la-marato-de-tv3-patrocinada-per-salses-fruits-sp\/#primaryimage"},"thumbnailUrl":"https:\/\/fruitssp.com\/wp-content\/uploads\/2021\/02\/IMG_4835-scaled.jpg","datePublished":"2021-02-15T13:57:05+00:00","dateModified":"2021-07-21T11:15:46+00:00","description":"Finaliza la 15\u00aa edici\u00f3n de la marcha de BTT, Cabra Pedala por el Marat\u00f3n de TV3, patrocinada por Salses Fruits S&amp;P - memorial en Xavi Tondo.","breadcrumb":{"@id":"https:\/\/fruitssp.com\/general-es\/finalitza-la-15a-edicio-de-la-marxa-btt-cabra-pedala-per-la-marato-de-tv3-patrocinada-per-salses-fruits-sp\/#breadcrumb"},"inLanguage":"es","potentialAction":[{"@type":"ReadAction","target":["https:\/\/fruitssp.com\/general-es\/finalitza-la-15a-edicio-de-la-marxa-btt-cabra-pedala-per-la-marato-de-tv3-patrocinada-per-salses-fruits-sp\/"]}]},{"@type":"ImageObject","inLanguage":"es","@id":"https:\/\/fruitssp.com\/general-es\/finalitza-la-15a-edicio-de-la-marxa-btt-cabra-pedala-per-la-marato-de-tv3-patrocinada-per-salses-fruits-sp\/#primaryimage","url":"https:\/\/fruitssp.com\/wp-content\/uploads\/2021\/02\/IMG_4835-scaled.jpg","contentUrl":"https:\/\/fruitssp.com\/wp-content\/uploads\/2021\/02\/IMG_4835-scaled.jpg","width":1920,"height":2560,"caption":"Finalitza la 15a"},{"@type":"BreadcrumbList","@id":"https:\/\/fruitssp.com\/general-es\/finalitza-la-15a-edicio-de-la-marxa-btt-cabra-pedala-per-la-marato-de-tv3-patrocinada-per-salses-fruits-sp\/#breadcrumb","itemListElement":[{"@type":"ListItem","position":1,"name":"Inici","item":"https:\/\/fruitssp.com\/"},{"@type":"ListItem","position":2,"name":"Finalitza la 15a edici\u00f3 de Cabra Pedala per la Marat\u00f3 de TV3"}]},{"@type":"WebSite","@id":"https:\/\/fruitssp.com\/#website","url":"https:\/\/fruitssp.com\/","name":"FruitsSP","description":"Salsas y productos frescos y naturales, de la tierra del cal\u00e7ot","publisher":{"@id":"https:\/\/fruitssp.com\/#organization"},"potentialAction":[{"@type":"SearchAction","target":{"@type":"EntryPoint","urlTemplate":"https:\/\/fruitssp.com\/?s={search_term_string}"},"query-input":{"@type":"PropertyValueSpecification","valueRequired":true,"valueName":"search_term_string"}}],"inLanguage":"es"},{"@type":"Organization","@id":"https:\/\/fruitssp.com\/#organization","name":"Salsas Frutos S &amp; P","url":"https:\/\/fruitssp.com\/","logo":{"@type":"ImageObject","inLanguage":"es","@id":"https:\/\/fruitssp.com\/#\/schema\/logo\/image\/","url":"https:\/\/fruitssp.com\/wp-content\/uploads\/2022\/12\/logoFruits_472x406.png","contentUrl":"https:\/\/fruitssp.com\/wp-content\/uploads\/2022\/12\/logoFruits_472x406.png","width":472,"height":406,"caption":"Salses Fruits S&P"},"image":{"@id":"https:\/\/fruitssp.com\/#\/schema\/logo\/image\/"},"sameAs":["https:\/\/www.facebook.com\/Salses-Fruits-SP-1137777022906379\/","https:\/\/www.instagram.com\/salsesfruitssp\/","https:\/\/www.linkedin.com\/company\/salses-fruits-s-i-p-sl\/"]},{"@type":"Person","@id":"https:\/\/fruitssp.com\/#\/schema\/person\/74f4a70f480644ed06e5945c13b509c8","name":"fruitssp"}]}},"_links":{"self":[{"href":"https:\/\/fruitssp.com\/es\/wp-json\/wp\/v2\/posts\/7945","targetHints":{"allow":["GET"]}}],"collection":[{"href":"https:\/\/fruitssp.com\/es\/wp-json\/wp\/v2\/posts"}],"about":[{"href":"https:\/\/fruitssp.com\/es\/wp-json\/wp\/v2\/types\/post"}],"author":[{"embeddable":true,"href":"https:\/\/fruitssp.com\/es\/wp-json\/wp\/v2\/users\/1"}],"replies":[{"embeddable":true,"href":"https:\/\/fruitssp.com\/es\/wp-json\/wp\/v2\/comments?post=7945"}],"version-history":[{"count":0,"href":"https:\/\/fruitssp.com\/es\/wp-json\/wp\/v2\/posts\/7945\/revisions"}],"wp:featuredmedia":[{"embeddable":true,"href":"https:\/\/fruitssp.com\/es\/wp-json\/wp\/v2\/media\/7949"}],"wp:attachment":[{"href":"https:\/\/fruitssp.com\/es\/wp-json\/wp\/v2\/media?parent=7945"}],"wp:term":[{"taxonomy":"category","embeddable":true,"href":"https:\/\/fruitssp.com\/es\/wp-json\/wp\/v2\/categories?post=7945"},{"taxonomy":"post_tag","embeddable":true,"href":"https:\/\/fruitssp.com\/es\/wp-json\/wp\/v2\/tags?post=7945"}],"curies":[{"name":"wp","href":"https:\/\/api.w.org\/{rel}","templated":true}]}}