{"id":7995,"date":"2021-03-19T08:40:34","date_gmt":"2021-03-19T08:40:34","guid":{"rendered":"https:\/\/fruitssp.com\/?p=7995"},"modified":"2021-07-21T11:23:53","modified_gmt":"2021-07-21T11:23:53","slug":"collaboracio-amb-la-fundacio-ginac-amb-el-programa-de-formacio-i-integracio-laboral","status":"publish","type":"post","link":"https:\/\/fruitssp.com\/es\/general-es\/collaboracio-amb-la-fundacio-ginac-amb-el-programa-de-formacio-i-integracio-laboral\/","title":{"rendered":"Colaboraci\u00f3n con la Fundaci\u00f3n Ginac con el programa de formaci\u00f3n e integraci\u00f3n laboral"},"content":{"rendered":"<p>&nbsp;<\/p>\n<p><a ref=\"magnificPopup\" href=\"https:\/\/fruitssp.com\/wp-content\/uploads\/2021\/03\/Fruits-Ginac-1.jpg\" data-rel=\"lightbox-image-0\" data-rl_title=\"\" data-rl_caption=\"\" title=\"\"><img loading=\"lazy\" decoding=\"async\" class=\"aligncenter wp-image-7996 size-large\" src=\"https:\/\/fruitssp.com\/wp-content\/uploads\/2021\/03\/Fruits-Ginac-1-1024x766.jpg\" alt=\"Salses Fruits Associaci\u00f3 GINAC\" width=\"1024\" height=\"766\" srcset=\"https:\/\/fruitssp.com\/wp-content\/uploads\/2021\/03\/Fruits-Ginac-1-1024x766.jpg 1024w, https:\/\/fruitssp.com\/wp-content\/uploads\/2021\/03\/Fruits-Ginac-1-300x224.jpg 300w, https:\/\/fruitssp.com\/wp-content\/uploads\/2021\/03\/Fruits-Ginac-1-16x12.jpg 16w, https:\/\/fruitssp.com\/wp-content\/uploads\/2021\/03\/Fruits-Ginac-1-600x449.jpg 600w, https:\/\/fruitssp.com\/wp-content\/uploads\/2021\/03\/Fruits-Ginac-1-768x574.jpg 768w, https:\/\/fruitssp.com\/wp-content\/uploads\/2021\/03\/Fruits-Ginac-1-900x673.jpg 900w, https:\/\/fruitssp.com\/wp-content\/uploads\/2021\/03\/Fruits-Ginac-1.jpg 1500w\" sizes=\"auto, (max-width: 1024px) 100vw, 1024px\" \/><\/a><\/p>\n<p>&nbsp;<\/p>\n<p>Hace a\u00f1os que <strong>Salses Fruits S&amp;P<\/strong> colabora con la <a href=\"https:\/\/www.fundacioginac.org\/\" target=\"_blank\" rel=\"noopener\"><strong>Fundaci\u00f3n Ginac<\/strong><\/a>, una entidad privada de iniciativa social, sin \u00e1nimo de lucro, que trabaja para mejorar la calidad de vida de las personas con m\u00e1s dificultades de la comarca del Alt Camp.<\/p>\n<p>A trav\u00e9s del <strong>programa de integraci\u00f3n laboral para personas con discapacidad intelectual y\/o trastorno mental<\/strong>, facilitan el empleo de personas con dificultades de inserci\u00f3n. Su objetivo, es la formaci\u00f3n, orientaci\u00f3n y favorecer la integraci\u00f3n laboral de personas con especiales dificultades.<\/p>\n<p>As\u00ed pues, las <strong>responsables del etiquetado<\/strong> de nuestras tapas de envases de salsas, como la salsa de cal\u00e7ot o romesco, las realizan personas como la<strong> Juana, Meritxell, Laura, \u00c1ngela y Carmen<\/strong>. Ellas hacen una gran labor y tambi\u00e9n es gracias a su esfuerzo, que puedes encontrar regularmente nuestros productos en los puntos de venta habituales.<\/p>\n<p>&nbsp;<\/p>\n<p>&nbsp;<\/p>\n<div class=\"w-gallery cols_4 link_attachment\"><div class=\"w-gallery-list\"><a class=\"w-gallery-item order_1\" href=\"https:\/\/fruitssp.com\/es\/general-es\/collaboracio-amb-la-fundacio-ginac-amb-el-programa-de-formacio-i-integracio-laboral\/attachment\/fruits-ginac-2\/\" title=\"Salsas Frutos Asociaci\u00f3n Ginac\"><div class=\"w-gallery-item-img\"><img loading=\"lazy\" decoding=\"async\" width=\"1500\" height=\"2005\" src=\"https:\/\/fruitssp.com\/wp-content\/uploads\/2021\/03\/Fruits-Ginac-2.jpg\" class=\"attachment-default size-default\" alt=\"Salses Fruits Associaci\u00f3 GINAC\" srcset=\"https:\/\/fruitssp.com\/wp-content\/uploads\/2021\/03\/Fruits-Ginac-2.jpg 1500w, https:\/\/fruitssp.com\/wp-content\/uploads\/2021\/03\/Fruits-Ginac-2-224x300.jpg 224w, https:\/\/fruitssp.com\/wp-content\/uploads\/2021\/03\/Fruits-Ginac-2-766x1024.jpg 766w, https:\/\/fruitssp.com\/wp-content\/uploads\/2021\/03\/Fruits-Ginac-2-1149x1536.jpg 1149w, https:\/\/fruitssp.com\/wp-content\/uploads\/2021\/03\/Fruits-Ginac-2-9x12.jpg 9w, https:\/\/fruitssp.com\/wp-content\/uploads\/2021\/03\/Fruits-Ginac-2-600x802.jpg 600w, https:\/\/fruitssp.com\/wp-content\/uploads\/2021\/03\/Fruits-Ginac-2-768x1027.jpg 768w, https:\/\/fruitssp.com\/wp-content\/uploads\/2021\/03\/Fruits-Ginac-2-300x401.jpg 300w, https:\/\/fruitssp.com\/wp-content\/uploads\/2021\/03\/Fruits-Ginac-2-900x1203.jpg 900w\" sizes=\"auto, (max-width: 1500px) 100vw, 1500px\" \/><\/div><\/a><a class=\"w-gallery-item order_2\" href=\"https:\/\/fruitssp.com\/es\/general-es\/collaboracio-amb-la-fundacio-ginac-amb-el-programa-de-formacio-i-integracio-laboral\/attachment\/fruits-ginac-4\/\" title=\"Salsas Frutos Asociaci\u00f3n Ginac\"><div class=\"w-gallery-item-img\"><img loading=\"lazy\" decoding=\"async\" width=\"1500\" height=\"2005\" src=\"https:\/\/fruitssp.com\/wp-content\/uploads\/2021\/03\/Fruits-Ginac-4.jpg\" class=\"attachment-default size-default\" alt=\"Salses Fruits Associaci\u00f3 GINAC\" srcset=\"https:\/\/fruitssp.com\/wp-content\/uploads\/2021\/03\/Fruits-Ginac-4.jpg 1500w, https:\/\/fruitssp.com\/wp-content\/uploads\/2021\/03\/Fruits-Ginac-4-224x300.jpg 224w, https:\/\/fruitssp.com\/wp-content\/uploads\/2021\/03\/Fruits-Ginac-4-766x1024.jpg 766w, https:\/\/fruitssp.com\/wp-content\/uploads\/2021\/03\/Fruits-Ginac-4-1149x1536.jpg 1149w, https:\/\/fruitssp.com\/wp-content\/uploads\/2021\/03\/Fruits-Ginac-4-9x12.jpg 9w, https:\/\/fruitssp.com\/wp-content\/uploads\/2021\/03\/Fruits-Ginac-4-600x802.jpg 600w, https:\/\/fruitssp.com\/wp-content\/uploads\/2021\/03\/Fruits-Ginac-4-768x1027.jpg 768w, https:\/\/fruitssp.com\/wp-content\/uploads\/2021\/03\/Fruits-Ginac-4-300x401.jpg 300w, https:\/\/fruitssp.com\/wp-content\/uploads\/2021\/03\/Fruits-Ginac-4-900x1203.jpg 900w\" sizes=\"auto, (max-width: 1500px) 100vw, 1500px\" \/><\/div><\/a><a class=\"w-gallery-item order_3\" href=\"https:\/\/fruitssp.com\/es\/general-es\/collaboracio-amb-la-fundacio-ginac-amb-el-programa-de-formacio-i-integracio-laboral\/attachment\/fruits-ginac-6\/\" title=\"Salsas Frutos Asociaci\u00f3n Ginac\"><div class=\"w-gallery-item-img\"><img loading=\"lazy\" decoding=\"async\" width=\"1500\" height=\"2005\" src=\"https:\/\/fruitssp.com\/wp-content\/uploads\/2021\/03\/Fruits-Ginac-6.jpg\" class=\"attachment-default size-default\" alt=\"Salses Fruits Associaci\u00f3 GINAC\" srcset=\"https:\/\/fruitssp.com\/wp-content\/uploads\/2021\/03\/Fruits-Ginac-6.jpg 1500w, https:\/\/fruitssp.com\/wp-content\/uploads\/2021\/03\/Fruits-Ginac-6-224x300.jpg 224w, https:\/\/fruitssp.com\/wp-content\/uploads\/2021\/03\/Fruits-Ginac-6-766x1024.jpg 766w, https:\/\/fruitssp.com\/wp-content\/uploads\/2021\/03\/Fruits-Ginac-6-1149x1536.jpg 1149w, https:\/\/fruitssp.com\/wp-content\/uploads\/2021\/03\/Fruits-Ginac-6-9x12.jpg 9w, https:\/\/fruitssp.com\/wp-content\/uploads\/2021\/03\/Fruits-Ginac-6-600x802.jpg 600w, https:\/\/fruitssp.com\/wp-content\/uploads\/2021\/03\/Fruits-Ginac-6-768x1027.jpg 768w, https:\/\/fruitssp.com\/wp-content\/uploads\/2021\/03\/Fruits-Ginac-6-300x401.jpg 300w, https:\/\/fruitssp.com\/wp-content\/uploads\/2021\/03\/Fruits-Ginac-6-900x1203.jpg 900w\" sizes=\"auto, (max-width: 1500px) 100vw, 1500px\" \/><\/div><\/a><a class=\"w-gallery-item order_4\" href=\"https:\/\/fruitssp.com\/es\/general-es\/collaboracio-amb-la-fundacio-ginac-amb-el-programa-de-formacio-i-integracio-laboral\/attachment\/fruits-ginac-8\/\" title=\"Salsas Frutos Asociaci\u00f3n Ginac\"><div class=\"w-gallery-item-img\"><img loading=\"lazy\" decoding=\"async\" width=\"1500\" height=\"2005\" src=\"https:\/\/fruitssp.com\/wp-content\/uploads\/2021\/03\/Fruits-Ginac-8.jpg\" class=\"attachment-default size-default\" alt=\"Salses Fruits Associaci\u00f3 GINAC\" srcset=\"https:\/\/fruitssp.com\/wp-content\/uploads\/2021\/03\/Fruits-Ginac-8.jpg 1500w, https:\/\/fruitssp.com\/wp-content\/uploads\/2021\/03\/Fruits-Ginac-8-224x300.jpg 224w, https:\/\/fruitssp.com\/wp-content\/uploads\/2021\/03\/Fruits-Ginac-8-766x1024.jpg 766w, https:\/\/fruitssp.com\/wp-content\/uploads\/2021\/03\/Fruits-Ginac-8-1149x1536.jpg 1149w, https:\/\/fruitssp.com\/wp-content\/uploads\/2021\/03\/Fruits-Ginac-8-9x12.jpg 9w, https:\/\/fruitssp.com\/wp-content\/uploads\/2021\/03\/Fruits-Ginac-8-600x802.jpg 600w, https:\/\/fruitssp.com\/wp-content\/uploads\/2021\/03\/Fruits-Ginac-8-768x1027.jpg 768w, https:\/\/fruitssp.com\/wp-content\/uploads\/2021\/03\/Fruits-Ginac-8-300x401.jpg 300w, https:\/\/fruitssp.com\/wp-content\/uploads\/2021\/03\/Fruits-Ginac-8-900x1203.jpg 900w\" sizes=\"auto, (max-width: 1500px) 100vw, 1500px\" \/><\/div><\/a><a class=\"w-gallery-item order_5\" href=\"https:\/\/fruitssp.com\/es\/general-es\/collaboracio-amb-la-fundacio-ginac-amb-el-programa-de-formacio-i-integracio-laboral\/attachment\/fruits-ginac-9\/\" title=\"Salsas Frutos Asociaci\u00f3n Ginac\"><div class=\"w-gallery-item-img\"><img loading=\"lazy\" decoding=\"async\" width=\"1500\" height=\"2005\" src=\"https:\/\/fruitssp.com\/wp-content\/uploads\/2021\/03\/Fruits-Ginac-9.jpg\" class=\"attachment-default size-default\" alt=\"Salses Fruits Associaci\u00f3 GINAC\" srcset=\"https:\/\/fruitssp.com\/wp-content\/uploads\/2021\/03\/Fruits-Ginac-9.jpg 1500w, https:\/\/fruitssp.com\/wp-content\/uploads\/2021\/03\/Fruits-Ginac-9-224x300.jpg 224w, https:\/\/fruitssp.com\/wp-content\/uploads\/2021\/03\/Fruits-Ginac-9-766x1024.jpg 766w, https:\/\/fruitssp.com\/wp-content\/uploads\/2021\/03\/Fruits-Ginac-9-1149x1536.jpg 1149w, https:\/\/fruitssp.com\/wp-content\/uploads\/2021\/03\/Fruits-Ginac-9-9x12.jpg 9w, https:\/\/fruitssp.com\/wp-content\/uploads\/2021\/03\/Fruits-Ginac-9-600x802.jpg 600w, https:\/\/fruitssp.com\/wp-content\/uploads\/2021\/03\/Fruits-Ginac-9-768x1027.jpg 768w, https:\/\/fruitssp.com\/wp-content\/uploads\/2021\/03\/Fruits-Ginac-9-300x401.jpg 300w, https:\/\/fruitssp.com\/wp-content\/uploads\/2021\/03\/Fruits-Ginac-9-900x1203.jpg 900w\" sizes=\"auto, (max-width: 1500px) 100vw, 1500px\" \/><\/div><\/a><a class=\"w-gallery-item order_6\" href=\"https:\/\/fruitssp.com\/es\/general-es\/collaboracio-amb-la-fundacio-ginac-amb-el-programa-de-formacio-i-integracio-laboral\/attachment\/fruits-ginac-7\/\" title=\"Salsas Frutos Asociaci\u00f3n Ginac\"><div class=\"w-gallery-item-img\"><img loading=\"lazy\" decoding=\"async\" width=\"1500\" height=\"2005\" src=\"https:\/\/fruitssp.com\/wp-content\/uploads\/2021\/03\/Fruits-Ginac-7.jpg\" class=\"attachment-default size-default\" alt=\"Salses Fruits Associaci\u00f3 GINAC\" srcset=\"https:\/\/fruitssp.com\/wp-content\/uploads\/2021\/03\/Fruits-Ginac-7.jpg 1500w, https:\/\/fruitssp.com\/wp-content\/uploads\/2021\/03\/Fruits-Ginac-7-224x300.jpg 224w, https:\/\/fruitssp.com\/wp-content\/uploads\/2021\/03\/Fruits-Ginac-7-766x1024.jpg 766w, https:\/\/fruitssp.com\/wp-content\/uploads\/2021\/03\/Fruits-Ginac-7-1149x1536.jpg 1149w, https:\/\/fruitssp.com\/wp-content\/uploads\/2021\/03\/Fruits-Ginac-7-9x12.jpg 9w, https:\/\/fruitssp.com\/wp-content\/uploads\/2021\/03\/Fruits-Ginac-7-600x802.jpg 600w, https:\/\/fruitssp.com\/wp-content\/uploads\/2021\/03\/Fruits-Ginac-7-768x1027.jpg 768w, https:\/\/fruitssp.com\/wp-content\/uploads\/2021\/03\/Fruits-Ginac-7-300x401.jpg 300w, https:\/\/fruitssp.com\/wp-content\/uploads\/2021\/03\/Fruits-Ginac-7-900x1203.jpg 900w\" sizes=\"auto, (max-width: 1500px) 100vw, 1500px\" \/><\/div><\/a><a class=\"w-gallery-item order_7\" href=\"https:\/\/fruitssp.com\/es\/general-es\/collaboracio-amb-la-fundacio-ginac-amb-el-programa-de-formacio-i-integracio-laboral\/attachment\/fruits-ginac-3\/\" title=\"Salsas Frutos Asociaci\u00f3n Ginac\"><div class=\"w-gallery-item-img\"><img loading=\"lazy\" decoding=\"async\" width=\"1500\" height=\"2005\" src=\"https:\/\/fruitssp.com\/wp-content\/uploads\/2021\/03\/Fruits-Ginac-3.jpg\" class=\"attachment-default size-default\" alt=\"Salses Fruits Associaci\u00f3 GINAC\" srcset=\"https:\/\/fruitssp.com\/wp-content\/uploads\/2021\/03\/Fruits-Ginac-3.jpg 1500w, https:\/\/fruitssp.com\/wp-content\/uploads\/2021\/03\/Fruits-Ginac-3-224x300.jpg 224w, https:\/\/fruitssp.com\/wp-content\/uploads\/2021\/03\/Fruits-Ginac-3-766x1024.jpg 766w, https:\/\/fruitssp.com\/wp-content\/uploads\/2021\/03\/Fruits-Ginac-3-1149x1536.jpg 1149w, https:\/\/fruitssp.com\/wp-content\/uploads\/2021\/03\/Fruits-Ginac-3-9x12.jpg 9w, https:\/\/fruitssp.com\/wp-content\/uploads\/2021\/03\/Fruits-Ginac-3-600x802.jpg 600w, https:\/\/fruitssp.com\/wp-content\/uploads\/2021\/03\/Fruits-Ginac-3-768x1027.jpg 768w, https:\/\/fruitssp.com\/wp-content\/uploads\/2021\/03\/Fruits-Ginac-3-300x401.jpg 300w, https:\/\/fruitssp.com\/wp-content\/uploads\/2021\/03\/Fruits-Ginac-3-900x1203.jpg 900w\" sizes=\"auto, (max-width: 1500px) 100vw, 1500px\" \/><\/div><\/a><a class=\"w-gallery-item order_8\" href=\"https:\/\/fruitssp.com\/es\/general-es\/collaboracio-amb-la-fundacio-ginac-amb-el-programa-de-formacio-i-integracio-laboral\/attachment\/fruits-ginac-5\/\" title=\"Salsas Frutos Asociaci\u00f3n Ginac\"><div class=\"w-gallery-item-img\"><img loading=\"lazy\" decoding=\"async\" width=\"1500\" height=\"2005\" src=\"https:\/\/fruitssp.com\/wp-content\/uploads\/2021\/03\/Fruits-Ginac-5.jpg\" class=\"attachment-default size-default\" alt=\"Salses Fruits Associaci\u00f3 GINAC\" srcset=\"https:\/\/fruitssp.com\/wp-content\/uploads\/2021\/03\/Fruits-Ginac-5.jpg 1500w, https:\/\/fruitssp.com\/wp-content\/uploads\/2021\/03\/Fruits-Ginac-5-224x300.jpg 224w, https:\/\/fruitssp.com\/wp-content\/uploads\/2021\/03\/Fruits-Ginac-5-766x1024.jpg 766w, https:\/\/fruitssp.com\/wp-content\/uploads\/2021\/03\/Fruits-Ginac-5-1149x1536.jpg 1149w, https:\/\/fruitssp.com\/wp-content\/uploads\/2021\/03\/Fruits-Ginac-5-9x12.jpg 9w, https:\/\/fruitssp.com\/wp-content\/uploads\/2021\/03\/Fruits-Ginac-5-600x802.jpg 600w, https:\/\/fruitssp.com\/wp-content\/uploads\/2021\/03\/Fruits-Ginac-5-768x1027.jpg 768w, https:\/\/fruitssp.com\/wp-content\/uploads\/2021\/03\/Fruits-Ginac-5-300x401.jpg 300w, https:\/\/fruitssp.com\/wp-content\/uploads\/2021\/03\/Fruits-Ginac-5-900x1203.jpg 900w\" sizes=\"auto, (max-width: 1500px) 100vw, 1500px\" \/><\/div><\/a><\/div><\/div>\n<p>&nbsp;<\/p>\n<p>&nbsp;<\/p>\n<p>&nbsp;<\/p>\n<style>\n.w-blogpost-preview{background-image:none!important;background-color: transparent!important;}.w-blogpost{padding: 0!important;}.w-blogpost::after{background:none!important;}.w-blogpost h1{color: #29b28f!important;}.w-blogpost-meta *{color:#000000!important;}<\/style>\n<div style=\"display: none;\">\n<h2>Finaliza la 15\u00aa<\/h2>\n<h3>Finaliza la 15\u00aa<\/h3>\n<p>En primer lugar,. En primer lugar,. En primer lugar,. En primer lugar,. En primer lugar,. En primer lugar,. En primer lugar,. En primer lugar,. En primer lugar,. En primer lugar,. En primer lugar,. En primer lugar,. En primer lugar,. En primer lugar,. En primer lugar,. En primer lugar,. En primer lugar,. En primer lugar,. En primer lugar,. En primer lugar,. En primer lugar,. En primer lugar,. En primer lugar,. En primer lugar,. En primer lugar,. En primer lugar,. En primer lugar,. En primer lugar,. En primer lugar,. En primer lugar,. En primer lugar,. En primer lugar,. En primer lugar,. En primer lugar,. En primer lugar,. En primer lugar,. En primer lugar,. En primer lugar,. En primer lugar,. En primer lugar,.<\/p>\n<p>En primer lugar, oramos ipsum dolor sit amet, consectetur adipiscing \u00e9lite. In vestibulum pretium nisi vehicula congue. Curabitur lobortis tristique neque, quis puerta nisi tempus quis. Donec ultrices posuere \u00e9lite, sit amet tincidunt Orci consectetur quis. Mauris rhoncus tristique facil\u00edsimo. Por un lado, t congue v\u00e9lites velita, te faucibus l\u00edgulas volutpat te. A\u00fan as\u00ed, urabitur VENENATA ante quis elementum pellentesque. In a pretium sapien. Empiezan las cal\u00e7otades. Aliquam erat volutpat. Donec Viverra cursus Gravida. Fusce accumsan sed leo vitae tempus. Las picaduras m\u00e1s frescas <a href=\"https:\/\/tgd.cat\">TGDigital<\/a><a href=\"\/es\/\">frutos<\/a><\/p>\n<h3>Finaliza la 15\u00aa<\/h3>\n<p>Cabe decir que am CONVALLARIA libero non Turpin bibendum, vitae porttitor ex Orna. Por ejemplo, Raes consecuente Interdum ante, quis pellentesque sapien aliquet eu. Por un lado, ed commodo rhoncus magna velo aliquet. En tercer lugar, n hac habitasse platea dictumst. Phasellus ARCU leo, aliquet quis consecuente id, temporarias velo ARCU. Duis vulputate dign\u00edsimo placeres. Nulamente varices ARCU eu lorem rutrum scelerisque a vitae lectus. Sin ir m\u00e1s lejos, n vulputate at Turpin ac porttitor. Morbi aliquet bibendum odio, te rutrum tellus dapibus sit amet. Por \u00faltimo, Ruis sed m\u00ed quis ARCU.<\/p>\n<h3>cal\u00e7ots cocidos<\/h3>\n<p>Aunque no valencianos, ntegro sit amet placeres risus. A pesar de ello, ulla facil\u00edsimo. En segundo lugar, Oneca nec ipsum augue. Por otra parte, ivamus eros ex, ultrices mollis bibendum at, elementum sed lectus. Sin embargo, urabitur quis augue ac tellus tincidunt hendrerit. Donec erat purus, solicitud vitae v\u00e9lites vitae, feugiat dapibus diam. Cabe decir que Maecenas faucibus demasiado vitae erat elementum consectetur. Quisque finibus, purus velo Interdum vulputate, neque leo ultrices nisi, sed facil\u00edsimo nibh purus eget quam. Nunc nec libero eros. Las picaduras m\u00e1s frescas, por ejemplo. Sin ir m\u00e1s lejos, la picadura es buen\u00edsima. Nos encantar\u00eda que la orzata fuera probada por todos los comensales y, por supuesto, para todos los gourmands. Quisi\u00e9ramos, claro, hacerla conocida. Es por ello que la hacemos tan buena.<\/p>\n<h3>cal\u00e7ots cocidos<\/h3>\n<p>En primer lugar,. En primer lugar,. En primer lugar,. En primer lugar,. En primer lugar,. En primer lugar,. En primer lugar,. En primer lugar,. En primer lugar,. En primer lugar,. En primer lugar,. En primer lugar,. En primer lugar,. En primer lugar,. En primer lugar,. En primer lugar,. En primer lugar,. En primer lugar,. En primer lugar,. En primer lugar,. En primer lugar,. En primer lugar,.<\/p>\n<\/div>","protected":false},"excerpt":{"rendered":"<p>&nbsp; &nbsp; Hace a\u00f1os que Salsas Frutos S &amp; P colabora con la Fundaci\u00f3n Ginac, una entidad privada de iniciativa social, sin \u00e1nimo de lucro, que trabaja para mejorar la calidad de vida de las personas con m\u00e1s dificultades de la comarca del Alt Camp. A trav\u00e9s del programa de integraci\u00f3n laboral para personas con discapacidad intelectual y \/ o ...<\/p>","protected":false},"author":1,"featured_media":7999,"comment_status":"closed","ping_status":"closed","sticky":false,"template":"","format":"standard","meta":{"inline_featured_image":false,"footnotes":""},"categories":[48],"tags":[230,229,231,213],"class_list":["post-7995","post","type-post","status-publish","format-standard","has-post-thumbnail","hentry","category-general-es","tag-etiquetatge-envasos","tag-fundacio-ginac","tag-programa-integracio-laboral","tag-salses-fruits-sp"],"yoast_head":"<!-- This site is optimized with the Yoast SEO plugin v26.7 - https:\/\/yoast.com\/wordpress\/plugins\/seo\/ -->\n<title>Col\u00b7laboraci\u00f3 amb la Fundaci\u00f3 Ginac. Formaci\u00f3 i integraci\u00f3 laboral<\/title>\n<meta name=\"description\" content=\"Col\u00b7laboraci\u00f3 amb la Fundaci\u00f3 Ginac a trav\u00e9s del programa d&#039;integraci\u00f3 laboral per a persones amb discapacitat intel\u00b7lectual.\" \/>\n<meta name=\"robots\" content=\"index, follow, max-snippet:-1, max-image-preview:large, max-video-preview:-1\" \/>\n<link rel=\"canonical\" href=\"https:\/\/fruitssp.com\/es\/general-es\/collaboracio-amb-la-fundacio-ginac-amb-el-programa-de-formacio-i-integracio-laboral\/\" \/>\n<meta property=\"og:locale\" content=\"es_ES\" \/>\n<meta property=\"og:type\" content=\"article\" \/>\n<meta property=\"og:title\" content=\"Col\u00b7laboraci\u00f3 amb la Fundaci\u00f3 Ginac. Formaci\u00f3 i integraci\u00f3 laboral\" \/>\n<meta property=\"og:description\" content=\"Col\u00b7laboraci\u00f3 amb la Fundaci\u00f3 Ginac a trav\u00e9s del programa d&#039;integraci\u00f3 laboral per a persones amb discapacitat intel\u00b7lectual.\" \/>\n<meta property=\"og:url\" content=\"https:\/\/fruitssp.com\/es\/general-es\/collaboracio-amb-la-fundacio-ginac-amb-el-programa-de-formacio-i-integracio-laboral\/\" \/>\n<meta property=\"og:site_name\" content=\"Salses Fruits\" \/>\n<meta property=\"article:publisher\" content=\"https:\/\/www.facebook.com\/Salses-Fruits-SP-1137777022906379\/\" \/>\n<meta property=\"article:published_time\" content=\"2021-03-19T08:40:34+00:00\" \/>\n<meta property=\"article:modified_time\" content=\"2021-07-21T11:23:53+00:00\" \/>\n<meta property=\"og:image\" content=\"https:\/\/fruitssp.com\/wp-content\/uploads\/2021\/03\/Fruits-Ginac-4.jpg\" \/>\n\t<meta property=\"og:image:width\" content=\"1500\" \/>\n\t<meta property=\"og:image:height\" content=\"2005\" \/>\n\t<meta property=\"og:image:type\" content=\"image\/jpeg\" \/>\n<meta name=\"author\" content=\"fruitssp\" \/>\n<meta name=\"twitter:card\" content=\"summary_large_image\" \/>\n<meta name=\"twitter:label1\" content=\"Escrito por\" \/>\n\t<meta name=\"twitter:data1\" content=\"fruitssp\" \/>\n\t<meta name=\"twitter:label2\" content=\"Tiempo de lectura\" \/>\n\t<meta name=\"twitter:data2\" content=\"1 minuto\" \/>\n<!-- \/ Yoast SEO plugin. -->","yoast_head_json":{"title":"Col\u00b7laboraci\u00f3 amb la Fundaci\u00f3 Ginac. Formaci\u00f3 i integraci\u00f3 laboral","description":"Col\u00b7laboraci\u00f3 amb la Fundaci\u00f3 Ginac a trav\u00e9s del programa d'integraci\u00f3 laboral per a persones amb discapacitat intel\u00b7lectual.","robots":{"index":"index","follow":"follow","max-snippet":"max-snippet:-1","max-image-preview":"max-image-preview:large","max-video-preview":"max-video-preview:-1"},"canonical":"https:\/\/fruitssp.com\/es\/general-es\/collaboracio-amb-la-fundacio-ginac-amb-el-programa-de-formacio-i-integracio-laboral\/","og_locale":"es_ES","og_type":"article","og_title":"Col\u00b7laboraci\u00f3 amb la Fundaci\u00f3 Ginac. Formaci\u00f3 i integraci\u00f3 laboral","og_description":"Col\u00b7laboraci\u00f3 amb la Fundaci\u00f3 Ginac a trav\u00e9s del programa d'integraci\u00f3 laboral per a persones amb discapacitat intel\u00b7lectual.","og_url":"https:\/\/fruitssp.com\/es\/general-es\/collaboracio-amb-la-fundacio-ginac-amb-el-programa-de-formacio-i-integracio-laboral\/","og_site_name":"Salses Fruits","article_publisher":"https:\/\/www.facebook.com\/Salses-Fruits-SP-1137777022906379\/","article_published_time":"2021-03-19T08:40:34+00:00","article_modified_time":"2021-07-21T11:23:53+00:00","og_image":[{"width":1500,"height":2005,"url":"https:\/\/fruitssp.com\/wp-content\/uploads\/2021\/03\/Fruits-Ginac-4.jpg","type":"image\/jpeg"}],"author":"fruitssp","twitter_card":"summary_large_image","twitter_misc":{"Escrito por":"fruitssp","Tiempo de lectura":"1 minuto"},"schema":{"@context":"https:\/\/schema.org","@graph":[{"@type":"Article","@id":"https:\/\/fruitssp.com\/general-es\/collaboracio-amb-la-fundacio-ginac-amb-el-programa-de-formacio-i-integracio-laboral\/#article","isPartOf":{"@id":"https:\/\/fruitssp.com\/general-es\/collaboracio-amb-la-fundacio-ginac-amb-el-programa-de-formacio-i-integracio-laboral\/"},"author":{"name":"fruitssp","@id":"https:\/\/fruitssp.com\/#\/schema\/person\/74f4a70f480644ed06e5945c13b509c8"},"headline":"Col\u00b7laboraci\u00f3 amb la Fundaci\u00f3 Ginac amb el programa de formaci\u00f3 i integraci\u00f3 laboral","datePublished":"2021-03-19T08:40:34+00:00","dateModified":"2021-07-21T11:23:53+00:00","mainEntityOfPage":{"@id":"https:\/\/fruitssp.com\/general-es\/collaboracio-amb-la-fundacio-ginac-amb-el-programa-de-formacio-i-integracio-laboral\/"},"wordCount":691,"publisher":{"@id":"https:\/\/fruitssp.com\/#organization"},"image":{"@id":"https:\/\/fruitssp.com\/general-es\/collaboracio-amb-la-fundacio-ginac-amb-el-programa-de-formacio-i-integracio-laboral\/#primaryimage"},"thumbnailUrl":"https:\/\/fruitssp.com\/wp-content\/uploads\/2021\/03\/Fruits-Ginac-4.jpg","keywords":["etiquetatge envasos","fundaci\u00f3 ginac","programa integracio laboral","salses fruits SP"],"articleSection":["General"],"inLanguage":"es"},{"@type":"WebPage","@id":"https:\/\/fruitssp.com\/general-es\/collaboracio-amb-la-fundacio-ginac-amb-el-programa-de-formacio-i-integracio-laboral\/","url":"https:\/\/fruitssp.com\/general-es\/collaboracio-amb-la-fundacio-ginac-amb-el-programa-de-formacio-i-integracio-laboral\/","name":"Col\u00b7laboraci\u00f3 amb la Fundaci\u00f3 Ginac. Formaci\u00f3 i integraci\u00f3 laboral","isPartOf":{"@id":"https:\/\/fruitssp.com\/#website"},"primaryImageOfPage":{"@id":"https:\/\/fruitssp.com\/general-es\/collaboracio-amb-la-fundacio-ginac-amb-el-programa-de-formacio-i-integracio-laboral\/#primaryimage"},"image":{"@id":"https:\/\/fruitssp.com\/general-es\/collaboracio-amb-la-fundacio-ginac-amb-el-programa-de-formacio-i-integracio-laboral\/#primaryimage"},"thumbnailUrl":"https:\/\/fruitssp.com\/wp-content\/uploads\/2021\/03\/Fruits-Ginac-4.jpg","datePublished":"2021-03-19T08:40:34+00:00","dateModified":"2021-07-21T11:23:53+00:00","description":"Col\u00b7laboraci\u00f3 amb la Fundaci\u00f3 Ginac a trav\u00e9s del programa d'integraci\u00f3 laboral per a persones amb discapacitat intel\u00b7lectual.","breadcrumb":{"@id":"https:\/\/fruitssp.com\/general-es\/collaboracio-amb-la-fundacio-ginac-amb-el-programa-de-formacio-i-integracio-laboral\/#breadcrumb"},"inLanguage":"es","potentialAction":[{"@type":"ReadAction","target":["https:\/\/fruitssp.com\/general-es\/collaboracio-amb-la-fundacio-ginac-amb-el-programa-de-formacio-i-integracio-laboral\/"]}]},{"@type":"ImageObject","inLanguage":"es","@id":"https:\/\/fruitssp.com\/general-es\/collaboracio-amb-la-fundacio-ginac-amb-el-programa-de-formacio-i-integracio-laboral\/#primaryimage","url":"https:\/\/fruitssp.com\/wp-content\/uploads\/2021\/03\/Fruits-Ginac-4.jpg","contentUrl":"https:\/\/fruitssp.com\/wp-content\/uploads\/2021\/03\/Fruits-Ginac-4.jpg","width":1500,"height":2005,"caption":"Salses Fruits Associaci\u00f3 GINAC"},{"@type":"BreadcrumbList","@id":"https:\/\/fruitssp.com\/general-es\/collaboracio-amb-la-fundacio-ginac-amb-el-programa-de-formacio-i-integracio-laboral\/#breadcrumb","itemListElement":[{"@type":"ListItem","position":1,"name":"Inici","item":"https:\/\/fruitssp.com\/"},{"@type":"ListItem","position":2,"name":"Col\u00b7laboraci\u00f3 amb la Fundaci\u00f3 Ginac amb el programa de formaci\u00f3 i integraci\u00f3 laboral"}]},{"@type":"WebSite","@id":"https:\/\/fruitssp.com\/#website","url":"https:\/\/fruitssp.com\/","name":"FruitsSP","description":"Salsas y productos frescos y naturales, de la tierra del cal\u00e7ot","publisher":{"@id":"https:\/\/fruitssp.com\/#organization"},"potentialAction":[{"@type":"SearchAction","target":{"@type":"EntryPoint","urlTemplate":"https:\/\/fruitssp.com\/?s={search_term_string}"},"query-input":{"@type":"PropertyValueSpecification","valueRequired":true,"valueName":"search_term_string"}}],"inLanguage":"es"},{"@type":"Organization","@id":"https:\/\/fruitssp.com\/#organization","name":"Salsas Frutos S &amp; P","url":"https:\/\/fruitssp.com\/","logo":{"@type":"ImageObject","inLanguage":"es","@id":"https:\/\/fruitssp.com\/#\/schema\/logo\/image\/","url":"https:\/\/fruitssp.com\/wp-content\/uploads\/2022\/12\/logoFruits_472x406.png","contentUrl":"https:\/\/fruitssp.com\/wp-content\/uploads\/2022\/12\/logoFruits_472x406.png","width":472,"height":406,"caption":"Salses Fruits S&P"},"image":{"@id":"https:\/\/fruitssp.com\/#\/schema\/logo\/image\/"},"sameAs":["https:\/\/www.facebook.com\/Salses-Fruits-SP-1137777022906379\/","https:\/\/www.instagram.com\/salsesfruitssp\/","https:\/\/www.linkedin.com\/company\/salses-fruits-s-i-p-sl\/"]},{"@type":"Person","@id":"https:\/\/fruitssp.com\/#\/schema\/person\/74f4a70f480644ed06e5945c13b509c8","name":"fruitssp"}]}},"_links":{"self":[{"href":"https:\/\/fruitssp.com\/es\/wp-json\/wp\/v2\/posts\/7995","targetHints":{"allow":["GET"]}}],"collection":[{"href":"https:\/\/fruitssp.com\/es\/wp-json\/wp\/v2\/posts"}],"about":[{"href":"https:\/\/fruitssp.com\/es\/wp-json\/wp\/v2\/types\/post"}],"author":[{"embeddable":true,"href":"https:\/\/fruitssp.com\/es\/wp-json\/wp\/v2\/users\/1"}],"replies":[{"embeddable":true,"href":"https:\/\/fruitssp.com\/es\/wp-json\/wp\/v2\/comments?post=7995"}],"version-history":[{"count":0,"href":"https:\/\/fruitssp.com\/es\/wp-json\/wp\/v2\/posts\/7995\/revisions"}],"wp:featuredmedia":[{"embeddable":true,"href":"https:\/\/fruitssp.com\/es\/wp-json\/wp\/v2\/media\/7999"}],"wp:attachment":[{"href":"https:\/\/fruitssp.com\/es\/wp-json\/wp\/v2\/media?parent=7995"}],"wp:term":[{"taxonomy":"category","embeddable":true,"href":"https:\/\/fruitssp.com\/es\/wp-json\/wp\/v2\/categories?post=7995"},{"taxonomy":"post_tag","embeddable":true,"href":"https:\/\/fruitssp.com\/es\/wp-json\/wp\/v2\/tags?post=7995"}],"curies":[{"name":"wp","href":"https:\/\/api.w.org\/{rel}","templated":true}]}}