{"id":8095,"date":"2021-07-08T13:02:54","date_gmt":"2021-07-08T13:02:54","guid":{"rendered":"https:\/\/fruitssp.com\/?p=8095"},"modified":"2022-01-17T12:11:25","modified_gmt":"2022-01-17T12:11:25","slug":"els-apats-destiu-millor-amb-productes-frescos-i-naturals","status":"publish","type":"post","link":"https:\/\/fruitssp.com\/es\/general-es\/els-apats-destiu-millor-amb-productes-frescos-i-naturals\/","title":{"rendered":"Las comidas de verano: mejor con productos frescos y naturales"},"content":{"rendered":"<p style=\"display: none;\">Els \u00e0pats d&#8217;estiu<\/p>\n<h2><strong><a ref=\"magnificPopup\" href=\"https:\/\/fruitssp.com\/wp-content\/uploads\/2021\/07\/Apats-estiu-salses-fruits-SP.jpg\" data-rel=\"lightbox-image-0\" data-rl_title=\"\" data-rl_caption=\"\" title=\"\"><img loading=\"lazy\" decoding=\"async\" class=\"aligncenter wp-image-8096 size-full\" src=\"https:\/\/fruitssp.com\/wp-content\/uploads\/2021\/07\/Apats-estiu-salses-fruits-SP.jpg\" alt=\"\" width=\"1200\" height=\"801\" srcset=\"https:\/\/fruitssp.com\/wp-content\/uploads\/2021\/07\/Apats-estiu-salses-fruits-SP.jpg 1200w, https:\/\/fruitssp.com\/wp-content\/uploads\/2021\/07\/Apats-estiu-salses-fruits-SP-300x200.jpg 300w, https:\/\/fruitssp.com\/wp-content\/uploads\/2021\/07\/Apats-estiu-salses-fruits-SP-1024x684.jpg 1024w, https:\/\/fruitssp.com\/wp-content\/uploads\/2021\/07\/Apats-estiu-salses-fruits-SP-16x12.jpg 16w, https:\/\/fruitssp.com\/wp-content\/uploads\/2021\/07\/Apats-estiu-salses-fruits-SP-600x400.jpg 600w, https:\/\/fruitssp.com\/wp-content\/uploads\/2021\/07\/Apats-estiu-salses-fruits-SP-768x513.jpg 768w, https:\/\/fruitssp.com\/wp-content\/uploads\/2021\/07\/Apats-estiu-salses-fruits-SP-900x601.jpg 900w, https:\/\/fruitssp.com\/wp-content\/uploads\/2021\/07\/Apats-estiu-salses-fruits-SP-18x12.jpg 18w\" sizes=\"auto, (max-width: 1200px) 100vw, 1200px\" \/><\/a><\/strong><\/h2>\n<p>&nbsp;<\/p>\n<p><strong>L&#8217;estiu convida a menjar poc i a menjar sa. A mantenir la l\u00ednia de pes en els nivells m\u00e9s baixos i a menjar productes frescos, amb una gran quantitat d&#8217;aigua, i sobretot productes naturals com els de Salses Fruits\u00a0<span class=\"hiddenSpellError\">S&amp;P<\/span>.<\/strong><\/p>\n<p>L&#8217;estiu es compon, principalment de tres menges importants, acompanyades d&#8217;activitats vacacionals:<\/p>\n<p>L&#8217;<strong>esmorzar<\/strong>, sovint relacionat amb una excursi\u00f3 a la muntanya o amb un plat a taula abans d&#8217;anar a fer esport.<\/p>\n<p>El <strong>dinar<\/strong> d&#8217;estiu: per quan s&#8217;arriba de la platja o de la piscina; la gana es manifesta; compte!, no conv\u00e9 abusar.<\/p>\n<p>Els <strong>sopars a la fresca<\/strong>: sovint amb colla, al carrer, a la terrassa o a casa d&#8217;uns amics.<\/p>\n<h2 style=\"display: none;\">T\u00edtol<\/h2>\n<p>Per a esmorzar us aconsellem que talleu una bona llesca de pa de pag\u00e8s; suqueu-la amb tom\u00e0quet fresc de les varietats de proximitat. Hi podeu acompanyar un tros de <a href=\"https:\/\/fruitssp.com\/productes\/?filters=product_cat[216]\"><strong>truita de samfaina de Salses Fruits\u00a0<span class=\"hiddenSpellError\">S&amp;P<\/span><\/strong><\/a>.\u00a0Bo, sa i r\u00e0pid.<\/p>\n<p>Per dinar, beveu una mica m\u00e9s de l\u00edquid: un <a href=\"https:\/\/fruitssp.com\/productes\/?filters=product_cat[95]\"><strong>gaspatxo o un\u00a0<span class=\"hiddenSpellError\">salmorejo<\/span>\u00a0ben fresc<\/strong><\/a>. Si cal hi podeu afegir uns gla\u00e7ons de gel per refredar-los encara m\u00e9s. Uns trossets de tom\u00e0quet, de ceba i de pebrot hi lliguem for\u00e7a. L&#8217;ou dur tamb\u00e9.<\/p>\n<p>Les amanides s\u00f3n les reines de l&#8217;estiu. Poseu-ne una, per compartir, al mig de la taula. Una de les menges m\u00e9s populars de l&#8217;estiu \u00e9s l&#8217;<a href=\"https:\/\/fruitssp.com\/producte\/ensaladilla-russa\/\"><strong>ensaladilla russa<\/strong><\/a>, per\u00f2 compte que atipa. Si feu un tall de carn a la planxa, un pit de pollastre o un peixet, els podeu acompanyar amb una mica d&#8217;<a href=\"https:\/\/fruitssp.com\/productes\/?filters=product_cat[97]\"><strong>escalivada<\/strong><\/a>. Proveu de fer un arr\u00f2s, amb el <a href=\"https:\/\/fruitssp.com\/productes\/?filters=product_cat[96]\"><strong>fumet de peix<\/strong><\/a> de Salses Fruits, i poques verduretes: no necessiteu gaires ingredients m\u00e9s.<\/p>\n<h2 style=\"display: none;\">T\u00edtol<\/h2>\n<p>A mitja tarda us vindr\u00e0 de gust un <a href=\"https:\/\/fruitssp.com\/productes\/?filters=product_cat[102]\"><strong>got d&#8217;orxata<\/strong><\/a> de la nostra. Preneu-ne una mica, us ajudar\u00e0 a esperar el sopar sense angoixa.<\/p>\n<p>Per sopar, deixeu anar la imaginaci\u00f3: <strong>platets de productes frescos i naturals per compartir<\/strong> amb tots la colla: us hi posem unes <a href=\"https:\/\/fruitssp.com\/productes\/?filters=product_cat[216]\"><strong>truites<\/strong><\/a>: de carabass\u00f3, de patata i ceba i d&#8217;espinacs amb panses i pinyons, que, tot i no ser del temps, s\u00f3n bon\u00edssimes.<br \/>\n<a href=\"https:\/\/fruitssp.com\/productes\/?filters=product_cat[101]\"><strong>Pizzes<\/strong><\/a> de quatre formatges, de\u00a0York\u00a0i formatge i de pollastre i pebrot tricolor, llestes per posar al forn i menjar. Compreu sardines de Tarragona, feu-les a la brasa, al forn o a la planxa, afegiu-hi una mica de <a href=\"https:\/\/fruitssp.com\/productes\/?filters=product_cat[94]\"><strong>picada d&#8217;all i julivert<\/strong><\/a> i degusteu-les amb delit.<\/p>\n<p>I no podem deixar de referir-nos al<strong> sopar de Festa Major<\/strong>, el m\u00e9s sofisticat de l&#8217;estiu. Us proposem un sopar d&#8217;especialitats internacionals. Comenceu-lo amb una <a href=\"https:\/\/fruitssp.com\/producte\/vichyssoise\/\"><strong>vichyssoise<\/strong><\/a>, molt fresca. Poseu al mig un bol amb <a href=\"https:\/\/fruitssp.com\/producte\/guacamole\/\"><strong>salsa guacamole<\/strong><\/a> i acompanyeu-la d&#8217;uns\u00a0natxos;\u00a0no en quedar\u00e0 ni rastre. Al costat hi podeu posar un plat amb <a href=\"https:\/\/fruitssp.com\/producte\/croquetes-de-pernil-iberic\/\"><strong>croquetes de pernil ib\u00e8ric<\/strong><\/a>. Heu tastat les <a href=\"https:\/\/fruitssp.com\/productes\/?filters=product_cat[203]\"><strong>hamburgueses veganes de xampinyons, de verdures escalivades o de quinoa i col\u00a0<span class=\"hiddenSpellError\">kale<\/span><\/strong><\/a>?<\/p>\n<p>Si feu cas de les nostres recomanacions, compartiu l&#8217;experi\u00e8ncia a l&#8217;Instagram amb l&#8217;etiqueta <strong>#EstiuAmbFruits<\/strong>.<\/p>\n<p>Que us vagi de gust.<\/p>\n<p>&nbsp;<\/p>\n<style>\n.w-blogpost-preview{background-image:none!important;background-color: transparent!important;}.w-blogpost{padding: 0!important;}.w-blogpost::after{background:none!important;}.w-blogpost h1{color: #29b28f!important;}.w-blogpost-meta *{color:#000000!important;}<\/style>\n<div style=\"display: none;\">\n<h2>Finalitza la 15a<\/h2>\n<h3>Finalitza la 15a<\/h3>\n<p>En primer lloc, . En primer lloc, . En primer lloc, . En primer lloc, . En primer lloc, . En primer lloc, . En primer lloc, . En primer lloc, . En primer lloc, . En primer lloc, . En primer lloc, . En primer lloc, . En primer lloc, . En primer lloc, . En primer lloc, . En primer lloc, . En primer lloc, . En primer lloc, . En primer lloc, . En primer lloc, . En primer lloc, . En primer lloc, . En primer lloc, . En primer lloc, . En primer lloc, . En primer lloc, . En primer lloc, . En primer lloc, . En primer lloc, . En primer lloc, . En primer lloc, . En primer lloc, . En primer lloc, . En primer lloc, . En primer lloc, . En primer lloc, . En primer lloc, . En primer lloc, . En primer lloc, . En primer lloc, .<\/p>\n<p>En primer lloc, orem ipsum dolor sit amet, consectetur adipiscing elit. In vestibulum pretium nisi vehicula congue. Curabitur lobortis tristique neque, quis porta nisi tempus quis. Donec ultrices posuere elit, sit amet tincidunt orci consectetur quis. Mauris rhoncus tristique facilisis. Per una banda, t congue velit velit, et faucibus ligula volutpat et. Tot i aix\u00ed, urabitur venenatis ante quis elementum pellentesque. In a pretium sapien. Empiezan las cal\u00e7otades. Aliquam erat volutpat. Donec viverra cursus gravida. Fusce accumsan sed leo vitae tempus. Les picades m\u00e9s fresques <a href=\"https:\/\/tgd.cat\">TGDigital<\/a><a href=\"\/\">Fruits<\/a><\/p>\n<h3>Finalitza la 15a<\/h3>\n<p>Val a dir que am convallis libero non turpis bibendum, vitae porttitor ex ornare. Per exemple, raesent consequat interdum ante, quis pellentesque sapien aliquet eu. Per una banda, ed commodo rhoncus magna vel aliquet. En tercer lloc, n hac habitasse platea dictumst. Phasellus arcu leo, aliquet quis consequat id, tempor vel arcu. Duis vulputate dignissim placerat. Nullam varius arcu eu lorem rutrum scelerisque a vitae lectus. Sense anar m\u00e9s lluny, n vulputate at turpis ac porttitor. Morbi aliquet bibendum odio, et rutrum tellus dapibus sit amet. Per \u00faltim, ruis sed mi quis arcu.<\/p>\n<h3>cal\u00e7ots cuits<\/h3>\n<p>Tot i no ser valencians, nteger sit amet placerat risus. Malgrat aix\u00f2, ulla facilisi. En segon lloc, onec nec ipsum augue. Per altra banda, ivamus eros ex, ultrices mollis bibendum at, elementum sed lectus. Tanmateix, urabitur quis augue ac tellus tincidunt hendrerit. Donec erat purus, sollicitudin vitae velit vitae, feugiat dapibus diam. Val a dir que maecenas faucibus massa vitae erat elementum consectetur. Quisque finibus, purus vel interdum vulputate, neque leo ultrices nisi, sed facilisis nibh purus eget quam. Nunc nec libero eros. Les picades m\u00e9s fresques, per exemple. Sense anar m\u00e9s lluny, la picada \u00e9s bon\u00edssima. Ens encantaria que la orzata fos provada per tots els comensals i, per descomptat, per tots els gourmands. Voldriem, es clar, fer-la coneguda arreu. \u00c9s per aix\u00f2 que la fem tant bona.<\/p>\n<h3>cal\u00e7ots cuits<\/h3>\n<p>En primer lloc, . En primer lloc, . En primer lloc, . En primer lloc, . En primer lloc, . En primer lloc, . En primer lloc, . En primer lloc, . En primer lloc, . En primer lloc, . En primer lloc, . En primer lloc, . En primer lloc, . En primer lloc, . En primer lloc, . En primer lloc, . En primer lloc, . En primer lloc, . En primer lloc, . En primer lloc, . En primer lloc, . En primer lloc, .<\/p>\n<\/div>\n","protected":false},"excerpt":{"rendered":"<p>Las comidas de verano El verano invita a comer poco ya comer sano. A mantener la l\u00ednea de peso en los niveles m\u00e1s bajos ya comer productos frescos, con gran cantidad de agua, y sobre todo productos naturales como los de Salses Fruits S&amp;P. El verano se compone, principalmente de tres alimentos importantes, acompa\u00f1ados de actividades vacacionales: El desayuno,\u2026<\/p>","protected":false},"author":1,"featured_media":8096,"comment_status":"closed","ping_status":"closed","sticky":false,"template":"","format":"standard","meta":{"inline_featured_image":false,"footnotes":""},"categories":[48],"tags":[241,245,244,238,237,246,247,213,242,243],"class_list":["post-8095","post","type-post","status-publish","format-standard","has-post-thumbnail","hentry","category-general-es","tag-apats-estiu","tag-apats-estiu-saludables","tag-dinars-saludables","tag-gaspatxo","tag-gaspatxo-salses-fruits-sp","tag-idees-dinars","tag-idees-sopars","tag-salses-fruits-sp","tag-sopars-frescos","tag-sopars-saludables"],"yoast_head":"<!-- This site is optimized with the Yoast SEO plugin v26.7 - https:\/\/yoast.com\/wordpress\/plugins\/seo\/ -->\n<title>Els \u00e0pats d&#039;estiu: millor amb productes frescos i naturals<\/title>\n<meta name=\"description\" content=\"Els \u00e0pats d&#039;estiu no s\u00f3n el mateix sense aliments sans i lleugers. L&#039;estiu convida a menjar poc i a menjar sa.\" \/>\n<meta name=\"robots\" content=\"index, follow, max-snippet:-1, max-image-preview:large, max-video-preview:-1\" \/>\n<link rel=\"canonical\" href=\"https:\/\/fruitssp.com\/es\/general-es\/els-apats-destiu-millor-amb-productes-frescos-i-naturals\/\" \/>\n<meta property=\"og:locale\" content=\"es_ES\" \/>\n<meta property=\"og:type\" content=\"article\" \/>\n<meta property=\"og:title\" content=\"Els \u00e0pats d&#039;estiu: millor amb productes frescos i naturals\" \/>\n<meta property=\"og:description\" content=\"Els \u00e0pats d&#039;estiu no s\u00f3n el mateix sense aliments sans i lleugers. L&#039;estiu convida a menjar poc i a menjar sa.\" \/>\n<meta property=\"og:url\" content=\"https:\/\/fruitssp.com\/es\/general-es\/els-apats-destiu-millor-amb-productes-frescos-i-naturals\/\" \/>\n<meta property=\"og:site_name\" content=\"Salses Fruits\" \/>\n<meta property=\"article:publisher\" content=\"https:\/\/www.facebook.com\/Salses-Fruits-SP-1137777022906379\/\" \/>\n<meta property=\"article:published_time\" content=\"2021-07-08T13:02:54+00:00\" \/>\n<meta property=\"article:modified_time\" content=\"2022-01-17T12:11:25+00:00\" \/>\n<meta property=\"og:image\" content=\"https:\/\/fruitssp.com\/wp-content\/uploads\/2021\/07\/Apats-estiu-salses-fruits-SP.jpg\" \/>\n\t<meta property=\"og:image:width\" content=\"1200\" \/>\n\t<meta property=\"og:image:height\" content=\"801\" \/>\n\t<meta property=\"og:image:type\" content=\"image\/jpeg\" \/>\n<meta name=\"author\" content=\"fruitssp\" \/>\n<meta name=\"twitter:card\" content=\"summary_large_image\" \/>\n<meta name=\"twitter:label1\" content=\"Escrito por\" \/>\n\t<meta name=\"twitter:data1\" content=\"fruitssp\" \/>\n\t<meta name=\"twitter:label2\" content=\"Tiempo de lectura\" \/>\n\t<meta name=\"twitter:data2\" content=\"3 minutos\" \/>\n<!-- \/ Yoast SEO plugin. -->","yoast_head_json":{"title":"Els \u00e0pats d'estiu: millor amb productes frescos i naturals","description":"Els \u00e0pats d'estiu no s\u00f3n el mateix sense aliments sans i lleugers. L'estiu convida a menjar poc i a menjar sa.","robots":{"index":"index","follow":"follow","max-snippet":"max-snippet:-1","max-image-preview":"max-image-preview:large","max-video-preview":"max-video-preview:-1"},"canonical":"https:\/\/fruitssp.com\/es\/general-es\/els-apats-destiu-millor-amb-productes-frescos-i-naturals\/","og_locale":"es_ES","og_type":"article","og_title":"Els \u00e0pats d'estiu: millor amb productes frescos i naturals","og_description":"Els \u00e0pats d'estiu no s\u00f3n el mateix sense aliments sans i lleugers. L'estiu convida a menjar poc i a menjar sa.","og_url":"https:\/\/fruitssp.com\/es\/general-es\/els-apats-destiu-millor-amb-productes-frescos-i-naturals\/","og_site_name":"Salses Fruits","article_publisher":"https:\/\/www.facebook.com\/Salses-Fruits-SP-1137777022906379\/","article_published_time":"2021-07-08T13:02:54+00:00","article_modified_time":"2022-01-17T12:11:25+00:00","og_image":[{"width":1200,"height":801,"url":"https:\/\/fruitssp.com\/wp-content\/uploads\/2021\/07\/Apats-estiu-salses-fruits-SP.jpg","type":"image\/jpeg"}],"author":"fruitssp","twitter_card":"summary_large_image","twitter_misc":{"Escrito por":"fruitssp","Tiempo de lectura":"3 minutos"},"schema":{"@context":"https:\/\/schema.org","@graph":[{"@type":"Article","@id":"https:\/\/fruitssp.com\/general-es\/els-apats-destiu-millor-amb-productes-frescos-i-naturals\/#article","isPartOf":{"@id":"https:\/\/fruitssp.com\/general-es\/els-apats-destiu-millor-amb-productes-frescos-i-naturals\/"},"author":{"name":"fruitssp","@id":"https:\/\/fruitssp.com\/#\/schema\/person\/74f4a70f480644ed06e5945c13b509c8"},"headline":"Els \u00e0pats d&#8217;estiu: millor amb productes frescos i naturals","datePublished":"2021-07-08T13:02:54+00:00","dateModified":"2022-01-17T12:11:25+00:00","mainEntityOfPage":{"@id":"https:\/\/fruitssp.com\/general-es\/els-apats-destiu-millor-amb-productes-frescos-i-naturals\/"},"wordCount":1035,"publisher":{"@id":"https:\/\/fruitssp.com\/#organization"},"image":{"@id":"https:\/\/fruitssp.com\/general-es\/els-apats-destiu-millor-amb-productes-frescos-i-naturals\/#primaryimage"},"thumbnailUrl":"https:\/\/fruitssp.com\/wp-content\/uploads\/2021\/07\/Apats-estiu-salses-fruits-SP.jpg","keywords":["apats estiu","apats estiu saludables","dinars saludables","gaspatxo","gaspatxo salses fruits SP","idees dinars","idees sopars","salses fruits SP","sopars frescos","sopars saludables"],"articleSection":["General"],"inLanguage":"es"},{"@type":"WebPage","@id":"https:\/\/fruitssp.com\/general-es\/els-apats-destiu-millor-amb-productes-frescos-i-naturals\/","url":"https:\/\/fruitssp.com\/general-es\/els-apats-destiu-millor-amb-productes-frescos-i-naturals\/","name":"Els \u00e0pats d'estiu: millor amb productes frescos i naturals","isPartOf":{"@id":"https:\/\/fruitssp.com\/#website"},"primaryImageOfPage":{"@id":"https:\/\/fruitssp.com\/general-es\/els-apats-destiu-millor-amb-productes-frescos-i-naturals\/#primaryimage"},"image":{"@id":"https:\/\/fruitssp.com\/general-es\/els-apats-destiu-millor-amb-productes-frescos-i-naturals\/#primaryimage"},"thumbnailUrl":"https:\/\/fruitssp.com\/wp-content\/uploads\/2021\/07\/Apats-estiu-salses-fruits-SP.jpg","datePublished":"2021-07-08T13:02:54+00:00","dateModified":"2022-01-17T12:11:25+00:00","description":"Els \u00e0pats d'estiu no s\u00f3n el mateix sense aliments sans i lleugers. L'estiu convida a menjar poc i a menjar sa.","breadcrumb":{"@id":"https:\/\/fruitssp.com\/general-es\/els-apats-destiu-millor-amb-productes-frescos-i-naturals\/#breadcrumb"},"inLanguage":"es","potentialAction":[{"@type":"ReadAction","target":["https:\/\/fruitssp.com\/general-es\/els-apats-destiu-millor-amb-productes-frescos-i-naturals\/"]}]},{"@type":"ImageObject","inLanguage":"es","@id":"https:\/\/fruitssp.com\/general-es\/els-apats-destiu-millor-amb-productes-frescos-i-naturals\/#primaryimage","url":"https:\/\/fruitssp.com\/wp-content\/uploads\/2021\/07\/Apats-estiu-salses-fruits-SP.jpg","contentUrl":"https:\/\/fruitssp.com\/wp-content\/uploads\/2021\/07\/Apats-estiu-salses-fruits-SP.jpg","width":1200,"height":801},{"@type":"BreadcrumbList","@id":"https:\/\/fruitssp.com\/general-es\/els-apats-destiu-millor-amb-productes-frescos-i-naturals\/#breadcrumb","itemListElement":[{"@type":"ListItem","position":1,"name":"Inici","item":"https:\/\/fruitssp.com\/"},{"@type":"ListItem","position":2,"name":"Els \u00e0pats d&#8217;estiu: millor amb productes frescos i naturals"}]},{"@type":"WebSite","@id":"https:\/\/fruitssp.com\/#website","url":"https:\/\/fruitssp.com\/","name":"FruitsSP","description":"Salsas y productos frescos y naturales, de la tierra del cal\u00e7ot","publisher":{"@id":"https:\/\/fruitssp.com\/#organization"},"potentialAction":[{"@type":"SearchAction","target":{"@type":"EntryPoint","urlTemplate":"https:\/\/fruitssp.com\/?s={search_term_string}"},"query-input":{"@type":"PropertyValueSpecification","valueRequired":true,"valueName":"search_term_string"}}],"inLanguage":"es"},{"@type":"Organization","@id":"https:\/\/fruitssp.com\/#organization","name":"Salsas Frutos S &amp; P","url":"https:\/\/fruitssp.com\/","logo":{"@type":"ImageObject","inLanguage":"es","@id":"https:\/\/fruitssp.com\/#\/schema\/logo\/image\/","url":"https:\/\/fruitssp.com\/wp-content\/uploads\/2022\/12\/logoFruits_472x406.png","contentUrl":"https:\/\/fruitssp.com\/wp-content\/uploads\/2022\/12\/logoFruits_472x406.png","width":472,"height":406,"caption":"Salses Fruits S&P"},"image":{"@id":"https:\/\/fruitssp.com\/#\/schema\/logo\/image\/"},"sameAs":["https:\/\/www.facebook.com\/Salses-Fruits-SP-1137777022906379\/","https:\/\/www.instagram.com\/salsesfruitssp\/","https:\/\/www.linkedin.com\/company\/salses-fruits-s-i-p-sl\/"]},{"@type":"Person","@id":"https:\/\/fruitssp.com\/#\/schema\/person\/74f4a70f480644ed06e5945c13b509c8","name":"fruitssp"}]}},"_links":{"self":[{"href":"https:\/\/fruitssp.com\/es\/wp-json\/wp\/v2\/posts\/8095","targetHints":{"allow":["GET"]}}],"collection":[{"href":"https:\/\/fruitssp.com\/es\/wp-json\/wp\/v2\/posts"}],"about":[{"href":"https:\/\/fruitssp.com\/es\/wp-json\/wp\/v2\/types\/post"}],"author":[{"embeddable":true,"href":"https:\/\/fruitssp.com\/es\/wp-json\/wp\/v2\/users\/1"}],"replies":[{"embeddable":true,"href":"https:\/\/fruitssp.com\/es\/wp-json\/wp\/v2\/comments?post=8095"}],"version-history":[{"count":0,"href":"https:\/\/fruitssp.com\/es\/wp-json\/wp\/v2\/posts\/8095\/revisions"}],"wp:featuredmedia":[{"embeddable":true,"href":"https:\/\/fruitssp.com\/es\/wp-json\/wp\/v2\/media\/8096"}],"wp:attachment":[{"href":"https:\/\/fruitssp.com\/es\/wp-json\/wp\/v2\/media?parent=8095"}],"wp:term":[{"taxonomy":"category","embeddable":true,"href":"https:\/\/fruitssp.com\/es\/wp-json\/wp\/v2\/categories?post=8095"},{"taxonomy":"post_tag","embeddable":true,"href":"https:\/\/fruitssp.com\/es\/wp-json\/wp\/v2\/tags?post=8095"}],"curies":[{"name":"wp","href":"https:\/\/api.w.org\/{rel}","templated":true}]}}